{"id":3615,"date":"2026-07-06T13:53:19","date_gmt":"2026-07-06T16:53:19","guid":{"rendered":"https:\/\/ccargtur.org\/?p=3615"},"modified":"2026-07-17T14:05:36","modified_gmt":"2026-07-17T17:05:36","slug":"06-7-2026","status":"publish","type":"post","link":"https:\/\/ccargtur.org\/tr\/06-7-2026\/","title":{"rendered":"06\/7\/2026"},"content":{"rendered":"<p>Las Flores, yat\u0131r\u0131mlar\u0131 ve \u00fcretken b\u00fcy\u00fcmeyi te\u015fvik etmek i\u00e7in Arjantin-T\u00fcrk Odas\u0131 ile ba\u011flar\u0131n\u0131 g\u00fc\u00e7lendiriyor<\/p>\n<p>Belediye, kent i\u00e7in yeni i\u015fbirli\u011fi, yat\u0131r\u0131m ve kalk\u0131nma f\u0131rsatlar\u0131n\u0131 te\u015fvik etmeyi ama\u00e7layan bir \u00e7al\u0131\u015fma g\u00fcn\u00fcnde i\u015f adamlar\u0131n\u0131 ve Arjantin-T\u00fcrk Odas\u0131 temsilcilerini kabul etti. Heyet, verimli kurulu\u015flar\u0131 gezdi ve Belediye Ba\u015fkan\u0131 Fabi\u00e1n Blanstein ba\u015fkanl\u0131\u011f\u0131ndaki yerel yetkililerle toplant\u0131lar yapt\u0131. ETIKETLER: LAS FLORES, FABI\u00c1N BLANSTEIN, \u00dcRETKEN KALKINMA, ARJANTIN SANAYI, TARIMSAL SANAYI, DI\u015e TICARET, EKONOMIK B\u00dcY\u00dcME, ARJANTIN-T\u00dcRKIYE ODASI, YATIRIMLAR, ULUSLARARASI I\u015eBIRLI\u011eI, YEREL EKONOMI, T\u00dcRK I\u015eADAMLARI, TICARI KALKINMA, LAS FLORES BELEDIYESI, ULUSLARARASI ILI\u015eKILER Taraf\u0131ndan: Marcelo Muchi B\u00fcy\u00fcme odakl\u0131 bir g\u00fcndem Las Flores \u015fehri, ekonomik ve ticari i\u015fbirli\u011fi f\u0131rsatlar\u0131 yaratmaya odaklanan bir g\u00fcnde i\u015f adamlar\u0131n\u0131 ve Arjantin-T\u00fcrkiye Odas\u0131 Ba\u015fkan\u0131 \u00d6zg\u00fcr Y\u00fccel Demir&#8217;i kabul ederek uluslararas\u0131 ba\u011flant\u0131 stratejisinde yeni bir ad\u0131m att\u0131. Toplant\u0131da taraflar, yerel \u00fcretken kalk\u0131nman\u0131n g\u00fc\u00e7lendirilmesi ve yeni yat\u0131r\u0131mlar\u0131n \u00e7ekilmesi amac\u0131yla deneyim al\u0131\u015fveri\u015finde ve olas\u0131 ortak \u00e7al\u0131\u015fma alanlar\u0131n\u0131n belirlenmesinde ilerleme kaydetti. \u00dcretken sekt\u00f6r turu G\u00fcndemin bir par\u00e7as\u0131 olarak ziyaret heyeti \u015fehirdeki farkl\u0131 \u00fcretim tesislerini gezerek Las Flores&#8217;in end\u00fcstriyel, tar\u0131msal ve ticari potansiyeli hakk\u0131nda ilk elden bilgi edinme f\u0131rsat\u0131 buldu. Faaliyet, ticaret, \u00fcretim ve istihdam yaratmayla ba\u011flant\u0131l\u0131 gelecekteki giri\u015fimler i\u00e7in yerel kapasitelerin sergilenmesini ve diyalog kanallar\u0131n\u0131n a\u00e7\u0131lmas\u0131n\u0131 m\u00fcmk\u00fcn k\u0131ld\u0131. Belediye yetkilileriyle toplant\u0131 Heyet ayr\u0131ca Belediye Ba\u015fkan\u0131 Fabi\u00e1n Blanstein ve belediye yetkilileriyle farkl\u0131 i\u015fbirli\u011fi ve de\u011fi\u015fim olanaklar\u0131n\u0131n ele al\u0131nd\u0131\u011f\u0131 toplant\u0131lar d\u00fczenledi. Belediye, ekonomik b\u00fcy\u00fcmeye ve yerel \u00fcretim a\u011f\u0131n\u0131n g\u00fc\u00e7lendirilmesine katk\u0131da bulunan uluslararas\u0131 ba\u011flar\u0131 g\u00fc\u00e7lendirmek i\u00e7in bu t\u00fcr toplant\u0131lar\u0131n \u00f6nemini vurgulad\u0131. De\u011fi\u015fim ve yat\u0131r\u0131m \u00fczerine bahis yap\u0131n Arjantin-T\u00fcrk Odas\u0131 temsilcilerinin ziyareti, Las Flores&#8217;in \u00fcretken sekt\u00f6rlerine y\u00f6nelik f\u0131rsatlar\u0131 art\u0131rmay\u0131 ama\u00e7layan ulusal ve uluslararas\u0131 akt\u00f6rlerle a\u00e7\u0131kl\u0131k ve koordinasyon politikas\u0131n\u0131n bir par\u00e7as\u0131d\u0131r. \u0130\u015fbirli\u011fi, yat\u0131r\u0131m ve ticari de\u011fi\u015fim, \u015fehrin tar\u0131msal-end\u00fcstriyel ve ticari geli\u015fimine e\u015flik edecek ve yerel ekonomik gelecek i\u00e7in yeni perspektifler yaratacak temel ara\u00e7lar olarak g\u00f6r\u00fcnmektedir<\/p>\n","protected":false},"excerpt":{"rendered":"<p>Las Flores, yat\u0131r\u0131mlar\u0131 ve \u00fcretken b\u00fcy\u00fcmeyi te\u015fvik etmek i\u00e7in Arjantin-T\u00fcrk Odas\u0131 ile ba\u011flar\u0131n\u0131 g\u00fc\u00e7lendiriyor Belediye, kent i\u00e7in yeni i\u015fbirli\u011fi, yat\u0131r\u0131m ve kalk\u0131nma f\u0131rsatlar\u0131n\u0131 te\u015fvik etmeyi ama\u00e7layan bir \u00e7al\u0131\u015fma g\u00fcn\u00fcnde i\u015f adamlar\u0131n\u0131 ve Arjantin-T\u00fcrk Odas\u0131 temsilcilerini kabul etti. Heyet, verimli kurulu\u015flar\u0131 gezdi ve Belediye Ba\u015fkan\u0131 Fabi\u00e1n&#8230;<\/p>\n","protected":false},"author":1,"featured_media":3258,"comment_status":"open","ping_status":"open","sticky":false,"template":"","format":"link","meta":{"cybocfi_hide_featured_image":"","footnotes":"","_links_to":"","_links_to_target":""},"categories":[88,57,59,87,26],"tags":[],"class_list":["post-3615","post","type-post","status-publish","format-link","has-post-thumbnail","hentry","category-gundem","category-haberler","category-haberler-tr","category-prensa-tr","category-uncategorized-tr","post_format-post-format-link"],"yoast_head":"<!-- This site is optimized with the Yoast SEO Premium plugin v27.3 (Yoast SEO v28.4) - https:\/\/yoast.com\/product\/yoast-seo-premium-wordpress\/ -->\n<title>06\/7\/2026 - C\u00e1mara de Comercio Argentino - Turca<\/title>\n<meta name=\"robots\" content=\"index, follow, max-snippet:-1, max-image-preview:large, max-video-preview:-1\" \/>\n<link rel=\"canonical\" href=\"https:\/\/ccargtur.org\/tr\/06-7-2026\/\" \/>\n<meta property=\"og:locale\" content=\"tr_TR\" \/>\n<meta property=\"og:type\" content=\"article\" \/>\n<meta property=\"og:title\" content=\"06\/7\/2026\" \/>\n<meta property=\"og:description\" content=\"Las Flores, yat\u0131r\u0131mlar\u0131 ve \u00fcretken b\u00fcy\u00fcmeyi te\u015fvik etmek i\u00e7in Arjantin-T\u00fcrk Odas\u0131 ile ba\u011flar\u0131n\u0131 g\u00fc\u00e7lendiriyor Belediye, kent i\u00e7in yeni i\u015fbirli\u011fi, yat\u0131r\u0131m ve kalk\u0131nma f\u0131rsatlar\u0131n\u0131 te\u015fvik etmeyi ama\u00e7layan bir \u00e7al\u0131\u015fma g\u00fcn\u00fcnde i\u015f adamlar\u0131n\u0131 ve Arjantin-T\u00fcrk Odas\u0131 temsilcilerini kabul etti. Heyet, verimli kurulu\u015flar\u0131 gezdi ve Belediye Ba\u015fkan\u0131 Fabi\u00e1n...\" \/>\n<meta property=\"og:url\" content=\"https:\/\/ccargtur.org\/tr\/06-7-2026\/\" \/>\n<meta property=\"og:site_name\" content=\"C\u00e1mara de Comercio Argentino - Turca\" \/>\n<meta property=\"article:published_time\" content=\"2026-07-06T16:53:19+00:00\" \/>\n<meta property=\"article:modified_time\" content=\"2026-07-17T17:05:36+00:00\" \/>\n<meta property=\"og:image\" content=\"https:\/\/ccargtur.org\/wp-content\/uploads\/2026\/02\/logo1.png\" \/>\n\t<meta property=\"og:image:width\" content=\"600\" \/>\n\t<meta property=\"og:image:height\" content=\"400\" \/>\n\t<meta property=\"og:image:type\" content=\"image\/png\" \/>\n<meta name=\"author\" content=\"admin\" \/>\n<meta name=\"twitter:card\" content=\"summary_large_image\" \/>\n<meta name=\"twitter:label1\" content=\"Yazan:\" \/>\n\t<meta name=\"twitter:data1\" content=\"admin\" \/>\n\t<meta name=\"twitter:label2\" content=\"Tahmini okuma s\u00fcresi\" \/>\n\t<meta name=\"twitter:data2\" content=\"2 dakika\" \/>\n<script type=\"application\/ld+json\" class=\"yoast-schema-graph\">{\"@context\":\"https:\\\/\\\/schema.org\",\"@graph\":[{\"@type\":\"Article\",\"@id\":\"https:\\\/\\\/ccargtur.org\\\/tr\\\/06-7-2026\\\/#article\",\"isPartOf\":{\"@id\":\"https:\\\/\\\/ccargtur.org\\\/tr\\\/06-7-2026\\\/\"},\"author\":{\"name\":\"admin\",\"@id\":\"https:\\\/\\\/ccargtur.org\\\/#\\\/schema\\\/person\\\/2486ebafba9aaed451c1769146daa278\"},\"headline\":\"06\\\/7\\\/2026\",\"datePublished\":\"2026-07-06T16:53:19+00:00\",\"dateModified\":\"2026-07-17T17:05:36+00:00\",\"mainEntityOfPage\":{\"@id\":\"https:\\\/\\\/ccargtur.org\\\/tr\\\/06-7-2026\\\/\"},\"wordCount\":424,\"commentCount\":0,\"publisher\":{\"@id\":\"https:\\\/\\\/ccargtur.org\\\/#organization\"},\"image\":{\"@id\":\"https:\\\/\\\/ccargtur.org\\\/tr\\\/06-7-2026\\\/#primaryimage\"},\"thumbnailUrl\":\"https:\\\/\\\/ccargtur.org\\\/wp-content\\\/uploads\\\/2026\\\/02\\\/logo1.png\",\"articleSection\":[\"G\u00fcndem\",\"Haberler\",\"Haberler\",\"Prensa\",\"Uncategorized\"],\"inLanguage\":\"tr\",\"potentialAction\":[{\"@type\":\"CommentAction\",\"name\":\"Comment\",\"target\":[\"https:\\\/\\\/ccargtur.org\\\/tr\\\/06-7-2026\\\/#respond\"]}]},{\"@type\":\"WebPage\",\"@id\":\"https:\\\/\\\/ccargtur.org\\\/tr\\\/06-7-2026\\\/\",\"url\":\"https:\\\/\\\/ccargtur.org\\\/tr\\\/06-7-2026\\\/\",\"name\":\"06\\\/7\\\/2026 - C\u00e1mara de Comercio Argentino - Turca\",\"isPartOf\":{\"@id\":\"https:\\\/\\\/ccargtur.org\\\/#website\"},\"primaryImageOfPage\":{\"@id\":\"https:\\\/\\\/ccargtur.org\\\/tr\\\/06-7-2026\\\/#primaryimage\"},\"image\":{\"@id\":\"https:\\\/\\\/ccargtur.org\\\/tr\\\/06-7-2026\\\/#primaryimage\"},\"thumbnailUrl\":\"https:\\\/\\\/ccargtur.org\\\/wp-content\\\/uploads\\\/2026\\\/02\\\/logo1.png\",\"datePublished\":\"2026-07-06T16:53:19+00:00\",\"dateModified\":\"2026-07-17T17:05:36+00:00\",\"breadcrumb\":{\"@id\":\"https:\\\/\\\/ccargtur.org\\\/tr\\\/06-7-2026\\\/#breadcrumb\"},\"inLanguage\":\"tr\",\"potentialAction\":[{\"@type\":\"ReadAction\",\"target\":[\"https:\\\/\\\/ccargtur.org\\\/tr\\\/06-7-2026\\\/\"]}]},{\"@type\":\"ImageObject\",\"inLanguage\":\"tr\",\"@id\":\"https:\\\/\\\/ccargtur.org\\\/tr\\\/06-7-2026\\\/#primaryimage\",\"url\":\"https:\\\/\\\/ccargtur.org\\\/wp-content\\\/uploads\\\/2026\\\/02\\\/logo1.png\",\"contentUrl\":\"https:\\\/\\\/ccargtur.org\\\/wp-content\\\/uploads\\\/2026\\\/02\\\/logo1.png\",\"width\":600,\"height\":400},{\"@type\":\"BreadcrumbList\",\"@id\":\"https:\\\/\\\/ccargtur.org\\\/tr\\\/06-7-2026\\\/#breadcrumb\",\"itemListElement\":[{\"@type\":\"ListItem\",\"position\":1,\"name\":\"Inicio\",\"item\":\"https:\\\/\\\/ccargtur.org\\\/tr\\\/\"},{\"@type\":\"ListItem\",\"position\":2,\"name\":\"06\\\/7\\\/2026\"}]},{\"@type\":\"WebSite\",\"@id\":\"https:\\\/\\\/ccargtur.org\\\/#website\",\"url\":\"https:\\\/\\\/ccargtur.org\\\/\",\"name\":\"C\u00e1mara de Comercio Argentino - Turca\",\"description\":\"\",\"publisher\":{\"@id\":\"https:\\\/\\\/ccargtur.org\\\/#organization\"},\"potentialAction\":[{\"@type\":\"SearchAction\",\"target\":{\"@type\":\"EntryPoint\",\"urlTemplate\":\"https:\\\/\\\/ccargtur.org\\\/?s={search_term_string}\"},\"query-input\":{\"@type\":\"PropertyValueSpecification\",\"valueRequired\":true,\"valueName\":\"search_term_string\"}}],\"inLanguage\":\"tr\"},{\"@type\":\"Organization\",\"@id\":\"https:\\\/\\\/ccargtur.org\\\/#organization\",\"name\":\"C\u00e1mara de Comercio Argentino - Turca\",\"url\":\"https:\\\/\\\/ccargtur.org\\\/\",\"logo\":{\"@type\":\"ImageObject\",\"inLanguage\":\"tr\",\"@id\":\"https:\\\/\\\/ccargtur.org\\\/#\\\/schema\\\/logo\\\/image\\\/\",\"url\":\"https:\\\/\\\/i0.wp.com\\\/ccargtur.org\\\/wp-content\\\/uploads\\\/2021\\\/11\\\/LOGO-CCARGTUR.webp?fit=2150%2C856&ssl=1\",\"contentUrl\":\"https:\\\/\\\/i0.wp.com\\\/ccargtur.org\\\/wp-content\\\/uploads\\\/2021\\\/11\\\/LOGO-CCARGTUR.webp?fit=2150%2C856&ssl=1\",\"width\":2150,\"height\":856,\"caption\":\"C\u00e1mara de Comercio Argentino - Turca\"},\"image\":{\"@id\":\"https:\\\/\\\/ccargtur.org\\\/#\\\/schema\\\/logo\\\/image\\\/\"}},{\"@type\":\"Person\",\"@id\":\"https:\\\/\\\/ccargtur.org\\\/#\\\/schema\\\/person\\\/2486ebafba9aaed451c1769146daa278\",\"name\":\"admin\",\"image\":{\"@type\":\"ImageObject\",\"inLanguage\":\"tr\",\"@id\":\"https:\\\/\\\/secure.gravatar.com\\\/avatar\\\/5da426a260eac4df1fc6d83758396598bf4a41092513f3c64deb7d9f1ff07f7c?s=96&d=mm&r=g\",\"url\":\"https:\\\/\\\/secure.gravatar.com\\\/avatar\\\/5da426a260eac4df1fc6d83758396598bf4a41092513f3c64deb7d9f1ff07f7c?s=96&d=mm&r=g\",\"contentUrl\":\"https:\\\/\\\/secure.gravatar.com\\\/avatar\\\/5da426a260eac4df1fc6d83758396598bf4a41092513f3c64deb7d9f1ff07f7c?s=96&d=mm&r=g\",\"caption\":\"admin\"},\"sameAs\":[\"https:\\\/\\\/ccargtur.org\"],\"url\":\"https:\\\/\\\/ccargtur.org\\\/tr\\\/author\\\/leogiroldi\\\/\"}]}<\/script>\n<!-- \/ Yoast SEO Premium plugin. -->","yoast_head_json":{"title":"06\/7\/2026 - C\u00e1mara de Comercio Argentino - Turca","robots":{"index":"index","follow":"follow","max-snippet":"max-snippet:-1","max-image-preview":"max-image-preview:large","max-video-preview":"max-video-preview:-1"},"canonical":"https:\/\/ccargtur.org\/tr\/06-7-2026\/","og_locale":"tr_TR","og_type":"article","og_title":"06\/7\/2026","og_description":"Las Flores, yat\u0131r\u0131mlar\u0131 ve \u00fcretken b\u00fcy\u00fcmeyi te\u015fvik etmek i\u00e7in Arjantin-T\u00fcrk Odas\u0131 ile ba\u011flar\u0131n\u0131 g\u00fc\u00e7lendiriyor Belediye, kent i\u00e7in yeni i\u015fbirli\u011fi, yat\u0131r\u0131m ve kalk\u0131nma f\u0131rsatlar\u0131n\u0131 te\u015fvik etmeyi ama\u00e7layan bir \u00e7al\u0131\u015fma g\u00fcn\u00fcnde i\u015f adamlar\u0131n\u0131 ve Arjantin-T\u00fcrk Odas\u0131 temsilcilerini kabul etti. Heyet, verimli kurulu\u015flar\u0131 gezdi ve Belediye Ba\u015fkan\u0131 Fabi\u00e1n...","og_url":"https:\/\/ccargtur.org\/tr\/06-7-2026\/","og_site_name":"C\u00e1mara de Comercio Argentino - Turca","article_published_time":"2026-07-06T16:53:19+00:00","article_modified_time":"2026-07-17T17:05:36+00:00","og_image":[{"width":600,"height":400,"url":"https:\/\/ccargtur.org\/wp-content\/uploads\/2026\/02\/logo1.png","type":"image\/png"}],"author":"admin","twitter_card":"summary_large_image","twitter_misc":{"Yazan:":"admin","Tahmini okuma s\u00fcresi":"2 dakika"},"schema":{"@context":"https:\/\/schema.org","@graph":[{"@type":"Article","@id":"https:\/\/ccargtur.org\/tr\/06-7-2026\/#article","isPartOf":{"@id":"https:\/\/ccargtur.org\/tr\/06-7-2026\/"},"author":{"name":"admin","@id":"https:\/\/ccargtur.org\/#\/schema\/person\/2486ebafba9aaed451c1769146daa278"},"headline":"06\/7\/2026","datePublished":"2026-07-06T16:53:19+00:00","dateModified":"2026-07-17T17:05:36+00:00","mainEntityOfPage":{"@id":"https:\/\/ccargtur.org\/tr\/06-7-2026\/"},"wordCount":424,"commentCount":0,"publisher":{"@id":"https:\/\/ccargtur.org\/#organization"},"image":{"@id":"https:\/\/ccargtur.org\/tr\/06-7-2026\/#primaryimage"},"thumbnailUrl":"https:\/\/ccargtur.org\/wp-content\/uploads\/2026\/02\/logo1.png","articleSection":["G\u00fcndem","Haberler","Haberler","Prensa","Uncategorized"],"inLanguage":"tr","potentialAction":[{"@type":"CommentAction","name":"Comment","target":["https:\/\/ccargtur.org\/tr\/06-7-2026\/#respond"]}]},{"@type":"WebPage","@id":"https:\/\/ccargtur.org\/tr\/06-7-2026\/","url":"https:\/\/ccargtur.org\/tr\/06-7-2026\/","name":"06\/7\/2026 - C\u00e1mara de Comercio Argentino - Turca","isPartOf":{"@id":"https:\/\/ccargtur.org\/#website"},"primaryImageOfPage":{"@id":"https:\/\/ccargtur.org\/tr\/06-7-2026\/#primaryimage"},"image":{"@id":"https:\/\/ccargtur.org\/tr\/06-7-2026\/#primaryimage"},"thumbnailUrl":"https:\/\/ccargtur.org\/wp-content\/uploads\/2026\/02\/logo1.png","datePublished":"2026-07-06T16:53:19+00:00","dateModified":"2026-07-17T17:05:36+00:00","breadcrumb":{"@id":"https:\/\/ccargtur.org\/tr\/06-7-2026\/#breadcrumb"},"inLanguage":"tr","potentialAction":[{"@type":"ReadAction","target":["https:\/\/ccargtur.org\/tr\/06-7-2026\/"]}]},{"@type":"ImageObject","inLanguage":"tr","@id":"https:\/\/ccargtur.org\/tr\/06-7-2026\/#primaryimage","url":"https:\/\/ccargtur.org\/wp-content\/uploads\/2026\/02\/logo1.png","contentUrl":"https:\/\/ccargtur.org\/wp-content\/uploads\/2026\/02\/logo1.png","width":600,"height":400},{"@type":"BreadcrumbList","@id":"https:\/\/ccargtur.org\/tr\/06-7-2026\/#breadcrumb","itemListElement":[{"@type":"ListItem","position":1,"name":"Inicio","item":"https:\/\/ccargtur.org\/tr\/"},{"@type":"ListItem","position":2,"name":"06\/7\/2026"}]},{"@type":"WebSite","@id":"https:\/\/ccargtur.org\/#website","url":"https:\/\/ccargtur.org\/","name":"C\u00e1mara de Comercio Argentino - Turca","description":"","publisher":{"@id":"https:\/\/ccargtur.org\/#organization"},"potentialAction":[{"@type":"SearchAction","target":{"@type":"EntryPoint","urlTemplate":"https:\/\/ccargtur.org\/?s={search_term_string}"},"query-input":{"@type":"PropertyValueSpecification","valueRequired":true,"valueName":"search_term_string"}}],"inLanguage":"tr"},{"@type":"Organization","@id":"https:\/\/ccargtur.org\/#organization","name":"C\u00e1mara de Comercio Argentino - Turca","url":"https:\/\/ccargtur.org\/","logo":{"@type":"ImageObject","inLanguage":"tr","@id":"https:\/\/ccargtur.org\/#\/schema\/logo\/image\/","url":"https:\/\/i0.wp.com\/ccargtur.org\/wp-content\/uploads\/2021\/11\/LOGO-CCARGTUR.webp?fit=2150%2C856&ssl=1","contentUrl":"https:\/\/i0.wp.com\/ccargtur.org\/wp-content\/uploads\/2021\/11\/LOGO-CCARGTUR.webp?fit=2150%2C856&ssl=1","width":2150,"height":856,"caption":"C\u00e1mara de Comercio Argentino - Turca"},"image":{"@id":"https:\/\/ccargtur.org\/#\/schema\/logo\/image\/"}},{"@type":"Person","@id":"https:\/\/ccargtur.org\/#\/schema\/person\/2486ebafba9aaed451c1769146daa278","name":"admin","image":{"@type":"ImageObject","inLanguage":"tr","@id":"https:\/\/secure.gravatar.com\/avatar\/5da426a260eac4df1fc6d83758396598bf4a41092513f3c64deb7d9f1ff07f7c?s=96&d=mm&r=g","url":"https:\/\/secure.gravatar.com\/avatar\/5da426a260eac4df1fc6d83758396598bf4a41092513f3c64deb7d9f1ff07f7c?s=96&d=mm&r=g","contentUrl":"https:\/\/secure.gravatar.com\/avatar\/5da426a260eac4df1fc6d83758396598bf4a41092513f3c64deb7d9f1ff07f7c?s=96&d=mm&r=g","caption":"admin"},"sameAs":["https:\/\/ccargtur.org"],"url":"https:\/\/ccargtur.org\/tr\/author\/leogiroldi\/"}]}},"_links":{"self":[{"href":"https:\/\/ccargtur.org\/tr\/wp-json\/wp\/v2\/posts\/3615","targetHints":{"allow":["GET"]}}],"collection":[{"href":"https:\/\/ccargtur.org\/tr\/wp-json\/wp\/v2\/posts"}],"about":[{"href":"https:\/\/ccargtur.org\/tr\/wp-json\/wp\/v2\/types\/post"}],"author":[{"embeddable":true,"href":"https:\/\/ccargtur.org\/tr\/wp-json\/wp\/v2\/users\/1"}],"replies":[{"embeddable":true,"href":"https:\/\/ccargtur.org\/tr\/wp-json\/wp\/v2\/comments?post=3615"}],"version-history":[{"count":1,"href":"https:\/\/ccargtur.org\/tr\/wp-json\/wp\/v2\/posts\/3615\/revisions"}],"predecessor-version":[{"id":3616,"href":"https:\/\/ccargtur.org\/tr\/wp-json\/wp\/v2\/posts\/3615\/revisions\/3616"}],"wp:featuredmedia":[{"embeddable":true,"href":"https:\/\/ccargtur.org\/tr\/wp-json\/wp\/v2\/media\/3258"}],"wp:attachment":[{"href":"https:\/\/ccargtur.org\/tr\/wp-json\/wp\/v2\/media?parent=3615"}],"wp:term":[{"taxonomy":"category","embeddable":true,"href":"https:\/\/ccargtur.org\/tr\/wp-json\/wp\/v2\/categories?post=3615"},{"taxonomy":"post_tag","embeddable":true,"href":"https:\/\/ccargtur.org\/tr\/wp-json\/wp\/v2\/tags?post=3615"}],"curies":[{"name":"wp","href":"https:\/\/api.w.org\/{rel}","templated":true}]}}