{"id":3044,"date":"2025-10-08T01:38:43","date_gmt":"2025-10-08T04:38:43","guid":{"rendered":"https:\/\/ccargtur.org\/?p=3044"},"modified":"2025-10-09T01:47:46","modified_gmt":"2025-10-09T04:47:46","slug":"ulusal-savunma-icin-bilim-teknoloji-ve-yenilik-kongresine-katilim","status":"publish","type":"post","link":"https:\/\/ccargtur.org\/tr\/ulusal-savunma-icin-bilim-teknoloji-ve-yenilik-kongresine-katilim\/","title":{"rendered":"Ulusal Savunma i\u00e7in Bilim, Teknoloji ve Yenilik Kongresi&#8217;ne kat\u0131l\u0131m"},"content":{"rendered":"<p>CCARGTUR Etkinli\u011fi \u2013 8 Ekim 2025<\/p>\n<p>Arjantin-T\u00fcrk Ticaret Odas\u0131 (CCARGTUR) Ba\u015fkan\u0131 \u00d6zg\u00fcr Y\u00fccel Demir, Mario Katzenell ba\u015fkanl\u0131\u011f\u0131ndaki Savunma Ara\u015ft\u0131rma, Sanayi Politikas\u0131 ve \u00dcretim Sekreterli\u011fi taraf\u0131ndan d\u00fczenlenen 2. Ulusal Savunma Bilim, Teknoloji ve \u0130novasyon Kongresi ve 1. Savunma \u015eirketleri Fuar\u0131&#8217;na kat\u0131ld\u0131.<\/p>\n<p>Bu Resmi davet, Ticaret Odam\u0131z i\u00e7in bir onur ve kurumsal gurur kayna\u011f\u0131 olmas\u0131n\u0131n d\u0131\u015f\u0131nda, Arjantin ile T\u00fcrkiye aras\u0131nda savunma alan\u0131nda inovasyon, sanayi ve uygulamal\u0131 teknoloji konusunda ikili ba\u011flar\u0131n g\u00fc\u00e7lendirilmesine olan ba\u011fl\u0131l\u0131\u011f\u0131n\u0131 teyit etmektedir.<\/p>\n<p>Kat\u0131l\u0131m\u0131 s\u0131ras\u0131nda Ba\u015fkan Demir, savunma sekt\u00f6r\u00fcndeki T\u00fcrk \u015firketlerinin kapasitelerini ve potansiyellerini vurgulayarak, iki \u00fclke aras\u0131nda yeni teknolojik i\u015fbirli\u011fi, yat\u0131r\u0131m ve ortak geli\u015ftirme f\u0131rsatlar\u0131n\u0131 te\u015fvik etti.<\/p>\n<p>CCARGTUR, savunma kurumlar\u0131, bilimsel kurumlar ve \u00f6zel sekt\u00f6r aras\u0131nda stratejik bir k\u00f6pr\u00fc rol\u00fc oynamaya devam ederek, end\u00fcstriyel kalk\u0131nma i\u00e7in kilit \u00f6neme sahip alanlarda uluslararas\u0131 i\u015fbirli\u011fini ve bilgi transferini te\u015fvik etmeye devam etmektedir.<\/p>\n","protected":false},"excerpt":{"rendered":"<p>CCARGTUR Etkinli\u011fi \u2013 8 Ekim 2025 Arjantin-T\u00fcrk Ticaret Odas\u0131 (CCARGTUR) Ba\u015fkan\u0131 \u00d6zg\u00fcr Y\u00fccel Demir, Mario Katzenell ba\u015fkanl\u0131\u011f\u0131ndaki Savunma Ara\u015ft\u0131rma, Sanayi Politikas\u0131 ve \u00dcretim Sekreterli\u011fi taraf\u0131ndan d\u00fczenlenen 2. Ulusal Savunma Bilim, Teknoloji ve \u0130novasyon Kongresi ve 1. Savunma \u015eirketleri Fuar\u0131&#8217;na kat\u0131ld\u0131. Bu Resmi davet, Ticaret Odam\u0131z&#8230;<\/p>\n","protected":false},"author":1,"featured_media":3047,"comment_status":"closed","ping_status":"closed","sticky":false,"template":"","format":"standard","meta":{"cybocfi_hide_featured_image":"","footnotes":"","_links_to":"","_links_to_target":""},"categories":[88],"tags":[],"class_list":["post-3044","post","type-post","status-publish","format-standard","has-post-thumbnail","hentry","category-gundem"],"yoast_head":"<!-- This site is optimized with the Yoast SEO Premium plugin v27.3 (Yoast SEO v27.4) - https:\/\/yoast.com\/product\/yoast-seo-premium-wordpress\/ -->\n<title>Ulusal Savunma i\u00e7in Bilim, Teknoloji ve Yenilik Kongresi&#039;ne kat\u0131l\u0131m - C\u00e1mara de Comercio Argentino - Turca<\/title>\n<meta name=\"robots\" content=\"index, follow, max-snippet:-1, max-image-preview:large, max-video-preview:-1\" \/>\n<link rel=\"canonical\" href=\"https:\/\/ccargtur.org\/en\/?p=3043\" \/>\n<meta property=\"og:locale\" content=\"tr_TR\" \/>\n<meta property=\"og:type\" content=\"article\" \/>\n<meta property=\"og:title\" content=\"Ulusal Savunma i\u00e7in Bilim, Teknoloji ve Yenilik Kongresi&#039;ne kat\u0131l\u0131m\" \/>\n<meta property=\"og:description\" content=\"CCARGTUR Etkinli\u011fi \u2013 8 Ekim 2025 Arjantin-T\u00fcrk Ticaret Odas\u0131 (CCARGTUR) Ba\u015fkan\u0131 \u00d6zg\u00fcr Y\u00fccel Demir, Mario Katzenell ba\u015fkanl\u0131\u011f\u0131ndaki Savunma Ara\u015ft\u0131rma, Sanayi Politikas\u0131 ve \u00dcretim Sekreterli\u011fi taraf\u0131ndan d\u00fczenlenen 2. Ulusal Savunma Bilim, Teknoloji ve \u0130novasyon Kongresi ve 1. Savunma \u015eirketleri Fuar\u0131&#8217;na kat\u0131ld\u0131. Bu Resmi davet, Ticaret Odam\u0131z...\" \/>\n<meta property=\"og:url\" content=\"https:\/\/ccargtur.org\/en\/?p=3043\" \/>\n<meta property=\"og:site_name\" content=\"C\u00e1mara de Comercio Argentino - Turca\" \/>\n<meta property=\"article:published_time\" content=\"2025-10-08T04:38:43+00:00\" \/>\n<meta property=\"article:modified_time\" content=\"2025-10-09T04:47:46+00:00\" \/>\n<meta property=\"og:image\" content=\"https:\/\/ccargtur.org\/wp-content\/uploads\/2025\/10\/Imagen-de-WhatsApp-2025-10-09-a-las-08.15.10_35e41006.jpg\" \/>\n\t<meta property=\"og:image:width\" content=\"1080\" \/>\n\t<meta property=\"og:image:height\" content=\"1080\" \/>\n\t<meta property=\"og:image:type\" content=\"image\/jpeg\" \/>\n<meta name=\"author\" content=\"admin\" \/>\n<meta name=\"twitter:card\" content=\"summary_large_image\" \/>\n<meta name=\"twitter:label1\" content=\"Yazan:\" \/>\n\t<meta name=\"twitter:data1\" content=\"admin\" \/>\n\t<meta name=\"twitter:label2\" content=\"Tahmini okuma s\u00fcresi\" \/>\n\t<meta name=\"twitter:data2\" content=\"1 dakika\" \/>\n<script type=\"application\/ld+json\" class=\"yoast-schema-graph\">{\"@context\":\"https:\\\/\\\/schema.org\",\"@graph\":[{\"@type\":\"Article\",\"@id\":\"https:\\\/\\\/ccargtur.org\\\/en\\\/?p=3043#article\",\"isPartOf\":{\"@id\":\"https:\\\/\\\/ccargtur.org\\\/en\\\/?p=3043\"},\"author\":{\"name\":\"admin\",\"@id\":\"https:\\\/\\\/ccargtur.org\\\/#\\\/schema\\\/person\\\/2486ebafba9aaed451c1769146daa278\"},\"headline\":\"Ulusal Savunma i\u00e7in Bilim, Teknoloji ve Yenilik Kongresi&#8217;ne kat\u0131l\u0131m\",\"datePublished\":\"2025-10-08T04:38:43+00:00\",\"dateModified\":\"2025-10-09T04:47:46+00:00\",\"mainEntityOfPage\":{\"@id\":\"https:\\\/\\\/ccargtur.org\\\/en\\\/?p=3043\"},\"wordCount\":192,\"publisher\":{\"@id\":\"https:\\\/\\\/ccargtur.org\\\/#organization\"},\"image\":{\"@id\":\"https:\\\/\\\/ccargtur.org\\\/en\\\/?p=3043#primaryimage\"},\"thumbnailUrl\":\"https:\\\/\\\/ccargtur.org\\\/wp-content\\\/uploads\\\/2025\\\/10\\\/Imagen-de-WhatsApp-2025-10-09-a-las-08.15.10_35e41006.jpg\",\"articleSection\":[\"G\u00fcndem\"],\"inLanguage\":\"tr\"},{\"@type\":\"WebPage\",\"@id\":\"https:\\\/\\\/ccargtur.org\\\/en\\\/?p=3043\",\"url\":\"https:\\\/\\\/ccargtur.org\\\/en\\\/?p=3043\",\"name\":\"Ulusal Savunma i\u00e7in Bilim, Teknoloji ve Yenilik Kongresi'ne kat\u0131l\u0131m - C\u00e1mara de Comercio Argentino - Turca\",\"isPartOf\":{\"@id\":\"https:\\\/\\\/ccargtur.org\\\/#website\"},\"primaryImageOfPage\":{\"@id\":\"https:\\\/\\\/ccargtur.org\\\/en\\\/?p=3043#primaryimage\"},\"image\":{\"@id\":\"https:\\\/\\\/ccargtur.org\\\/en\\\/?p=3043#primaryimage\"},\"thumbnailUrl\":\"https:\\\/\\\/ccargtur.org\\\/wp-content\\\/uploads\\\/2025\\\/10\\\/Imagen-de-WhatsApp-2025-10-09-a-las-08.15.10_35e41006.jpg\",\"datePublished\":\"2025-10-08T04:38:43+00:00\",\"dateModified\":\"2025-10-09T04:47:46+00:00\",\"breadcrumb\":{\"@id\":\"https:\\\/\\\/ccargtur.org\\\/en\\\/?p=3043#breadcrumb\"},\"inLanguage\":\"tr\",\"potentialAction\":[{\"@type\":\"ReadAction\",\"target\":[\"https:\\\/\\\/ccargtur.org\\\/en\\\/?p=3043\"]}]},{\"@type\":\"ImageObject\",\"inLanguage\":\"tr\",\"@id\":\"https:\\\/\\\/ccargtur.org\\\/en\\\/?p=3043#primaryimage\",\"url\":\"https:\\\/\\\/ccargtur.org\\\/wp-content\\\/uploads\\\/2025\\\/10\\\/Imagen-de-WhatsApp-2025-10-09-a-las-08.15.10_35e41006.jpg\",\"contentUrl\":\"https:\\\/\\\/ccargtur.org\\\/wp-content\\\/uploads\\\/2025\\\/10\\\/Imagen-de-WhatsApp-2025-10-09-a-las-08.15.10_35e41006.jpg\",\"width\":1080,\"height\":1080},{\"@type\":\"BreadcrumbList\",\"@id\":\"https:\\\/\\\/ccargtur.org\\\/en\\\/?p=3043#breadcrumb\",\"itemListElement\":[{\"@type\":\"ListItem\",\"position\":1,\"name\":\"Inicio\",\"item\":\"https:\\\/\\\/ccargtur.org\\\/tr\\\/\"},{\"@type\":\"ListItem\",\"position\":2,\"name\":\"Ulusal Savunma i\u00e7in Bilim, Teknoloji ve Yenilik Kongresi&#8217;ne kat\u0131l\u0131m\"}]},{\"@type\":\"WebSite\",\"@id\":\"https:\\\/\\\/ccargtur.org\\\/#website\",\"url\":\"https:\\\/\\\/ccargtur.org\\\/\",\"name\":\"C\u00e1mara de Comercio Argentino - Turca\",\"description\":\"\",\"publisher\":{\"@id\":\"https:\\\/\\\/ccargtur.org\\\/#organization\"},\"potentialAction\":[{\"@type\":\"SearchAction\",\"target\":{\"@type\":\"EntryPoint\",\"urlTemplate\":\"https:\\\/\\\/ccargtur.org\\\/?s={search_term_string}\"},\"query-input\":{\"@type\":\"PropertyValueSpecification\",\"valueRequired\":true,\"valueName\":\"search_term_string\"}}],\"inLanguage\":\"tr\"},{\"@type\":\"Organization\",\"@id\":\"https:\\\/\\\/ccargtur.org\\\/#organization\",\"name\":\"C\u00e1mara de Comercio Argentino - Turca\",\"url\":\"https:\\\/\\\/ccargtur.org\\\/\",\"logo\":{\"@type\":\"ImageObject\",\"inLanguage\":\"tr\",\"@id\":\"https:\\\/\\\/ccargtur.org\\\/#\\\/schema\\\/logo\\\/image\\\/\",\"url\":\"https:\\\/\\\/i0.wp.com\\\/ccargtur.org\\\/wp-content\\\/uploads\\\/2021\\\/11\\\/LOGO-CCARGTUR.webp?fit=2150%2C856&ssl=1\",\"contentUrl\":\"https:\\\/\\\/i0.wp.com\\\/ccargtur.org\\\/wp-content\\\/uploads\\\/2021\\\/11\\\/LOGO-CCARGTUR.webp?fit=2150%2C856&ssl=1\",\"width\":2150,\"height\":856,\"caption\":\"C\u00e1mara de Comercio Argentino - Turca\"},\"image\":{\"@id\":\"https:\\\/\\\/ccargtur.org\\\/#\\\/schema\\\/logo\\\/image\\\/\"}},{\"@type\":\"Person\",\"@id\":\"https:\\\/\\\/ccargtur.org\\\/#\\\/schema\\\/person\\\/2486ebafba9aaed451c1769146daa278\",\"name\":\"admin\",\"image\":{\"@type\":\"ImageObject\",\"inLanguage\":\"tr\",\"@id\":\"https:\\\/\\\/secure.gravatar.com\\\/avatar\\\/5da426a260eac4df1fc6d83758396598bf4a41092513f3c64deb7d9f1ff07f7c?s=96&d=mm&r=g\",\"url\":\"https:\\\/\\\/secure.gravatar.com\\\/avatar\\\/5da426a260eac4df1fc6d83758396598bf4a41092513f3c64deb7d9f1ff07f7c?s=96&d=mm&r=g\",\"contentUrl\":\"https:\\\/\\\/secure.gravatar.com\\\/avatar\\\/5da426a260eac4df1fc6d83758396598bf4a41092513f3c64deb7d9f1ff07f7c?s=96&d=mm&r=g\",\"caption\":\"admin\"},\"sameAs\":[\"https:\\\/\\\/ccargtur.org\"],\"url\":\"https:\\\/\\\/ccargtur.org\\\/tr\\\/author\\\/leogiroldi\\\/\"}]}<\/script>\n<!-- \/ Yoast SEO Premium plugin. -->","yoast_head_json":{"title":"Ulusal Savunma i\u00e7in Bilim, Teknoloji ve Yenilik Kongresi'ne kat\u0131l\u0131m - C\u00e1mara de Comercio Argentino - Turca","robots":{"index":"index","follow":"follow","max-snippet":"max-snippet:-1","max-image-preview":"max-image-preview:large","max-video-preview":"max-video-preview:-1"},"canonical":"https:\/\/ccargtur.org\/en\/?p=3043","og_locale":"tr_TR","og_type":"article","og_title":"Ulusal Savunma i\u00e7in Bilim, Teknoloji ve Yenilik Kongresi'ne kat\u0131l\u0131m","og_description":"CCARGTUR Etkinli\u011fi \u2013 8 Ekim 2025 Arjantin-T\u00fcrk Ticaret Odas\u0131 (CCARGTUR) Ba\u015fkan\u0131 \u00d6zg\u00fcr Y\u00fccel Demir, Mario Katzenell ba\u015fkanl\u0131\u011f\u0131ndaki Savunma Ara\u015ft\u0131rma, Sanayi Politikas\u0131 ve \u00dcretim Sekreterli\u011fi taraf\u0131ndan d\u00fczenlenen 2. Ulusal Savunma Bilim, Teknoloji ve \u0130novasyon Kongresi ve 1. Savunma \u015eirketleri Fuar\u0131&#8217;na kat\u0131ld\u0131. Bu Resmi davet, Ticaret Odam\u0131z...","og_url":"https:\/\/ccargtur.org\/en\/?p=3043","og_site_name":"C\u00e1mara de Comercio Argentino - Turca","article_published_time":"2025-10-08T04:38:43+00:00","article_modified_time":"2025-10-09T04:47:46+00:00","og_image":[{"width":1080,"height":1080,"url":"https:\/\/ccargtur.org\/wp-content\/uploads\/2025\/10\/Imagen-de-WhatsApp-2025-10-09-a-las-08.15.10_35e41006.jpg","type":"image\/jpeg"}],"author":"admin","twitter_card":"summary_large_image","twitter_misc":{"Yazan:":"admin","Tahmini okuma s\u00fcresi":"1 dakika"},"schema":{"@context":"https:\/\/schema.org","@graph":[{"@type":"Article","@id":"https:\/\/ccargtur.org\/en\/?p=3043#article","isPartOf":{"@id":"https:\/\/ccargtur.org\/en\/?p=3043"},"author":{"name":"admin","@id":"https:\/\/ccargtur.org\/#\/schema\/person\/2486ebafba9aaed451c1769146daa278"},"headline":"Ulusal Savunma i\u00e7in Bilim, Teknoloji ve Yenilik Kongresi&#8217;ne kat\u0131l\u0131m","datePublished":"2025-10-08T04:38:43+00:00","dateModified":"2025-10-09T04:47:46+00:00","mainEntityOfPage":{"@id":"https:\/\/ccargtur.org\/en\/?p=3043"},"wordCount":192,"publisher":{"@id":"https:\/\/ccargtur.org\/#organization"},"image":{"@id":"https:\/\/ccargtur.org\/en\/?p=3043#primaryimage"},"thumbnailUrl":"https:\/\/ccargtur.org\/wp-content\/uploads\/2025\/10\/Imagen-de-WhatsApp-2025-10-09-a-las-08.15.10_35e41006.jpg","articleSection":["G\u00fcndem"],"inLanguage":"tr"},{"@type":"WebPage","@id":"https:\/\/ccargtur.org\/en\/?p=3043","url":"https:\/\/ccargtur.org\/en\/?p=3043","name":"Ulusal Savunma i\u00e7in Bilim, Teknoloji ve Yenilik Kongresi'ne kat\u0131l\u0131m - C\u00e1mara de Comercio Argentino - Turca","isPartOf":{"@id":"https:\/\/ccargtur.org\/#website"},"primaryImageOfPage":{"@id":"https:\/\/ccargtur.org\/en\/?p=3043#primaryimage"},"image":{"@id":"https:\/\/ccargtur.org\/en\/?p=3043#primaryimage"},"thumbnailUrl":"https:\/\/ccargtur.org\/wp-content\/uploads\/2025\/10\/Imagen-de-WhatsApp-2025-10-09-a-las-08.15.10_35e41006.jpg","datePublished":"2025-10-08T04:38:43+00:00","dateModified":"2025-10-09T04:47:46+00:00","breadcrumb":{"@id":"https:\/\/ccargtur.org\/en\/?p=3043#breadcrumb"},"inLanguage":"tr","potentialAction":[{"@type":"ReadAction","target":["https:\/\/ccargtur.org\/en\/?p=3043"]}]},{"@type":"ImageObject","inLanguage":"tr","@id":"https:\/\/ccargtur.org\/en\/?p=3043#primaryimage","url":"https:\/\/ccargtur.org\/wp-content\/uploads\/2025\/10\/Imagen-de-WhatsApp-2025-10-09-a-las-08.15.10_35e41006.jpg","contentUrl":"https:\/\/ccargtur.org\/wp-content\/uploads\/2025\/10\/Imagen-de-WhatsApp-2025-10-09-a-las-08.15.10_35e41006.jpg","width":1080,"height":1080},{"@type":"BreadcrumbList","@id":"https:\/\/ccargtur.org\/en\/?p=3043#breadcrumb","itemListElement":[{"@type":"ListItem","position":1,"name":"Inicio","item":"https:\/\/ccargtur.org\/tr\/"},{"@type":"ListItem","position":2,"name":"Ulusal Savunma i\u00e7in Bilim, Teknoloji ve Yenilik Kongresi&#8217;ne kat\u0131l\u0131m"}]},{"@type":"WebSite","@id":"https:\/\/ccargtur.org\/#website","url":"https:\/\/ccargtur.org\/","name":"C\u00e1mara de Comercio Argentino - Turca","description":"","publisher":{"@id":"https:\/\/ccargtur.org\/#organization"},"potentialAction":[{"@type":"SearchAction","target":{"@type":"EntryPoint","urlTemplate":"https:\/\/ccargtur.org\/?s={search_term_string}"},"query-input":{"@type":"PropertyValueSpecification","valueRequired":true,"valueName":"search_term_string"}}],"inLanguage":"tr"},{"@type":"Organization","@id":"https:\/\/ccargtur.org\/#organization","name":"C\u00e1mara de Comercio Argentino - Turca","url":"https:\/\/ccargtur.org\/","logo":{"@type":"ImageObject","inLanguage":"tr","@id":"https:\/\/ccargtur.org\/#\/schema\/logo\/image\/","url":"https:\/\/i0.wp.com\/ccargtur.org\/wp-content\/uploads\/2021\/11\/LOGO-CCARGTUR.webp?fit=2150%2C856&ssl=1","contentUrl":"https:\/\/i0.wp.com\/ccargtur.org\/wp-content\/uploads\/2021\/11\/LOGO-CCARGTUR.webp?fit=2150%2C856&ssl=1","width":2150,"height":856,"caption":"C\u00e1mara de Comercio Argentino - Turca"},"image":{"@id":"https:\/\/ccargtur.org\/#\/schema\/logo\/image\/"}},{"@type":"Person","@id":"https:\/\/ccargtur.org\/#\/schema\/person\/2486ebafba9aaed451c1769146daa278","name":"admin","image":{"@type":"ImageObject","inLanguage":"tr","@id":"https:\/\/secure.gravatar.com\/avatar\/5da426a260eac4df1fc6d83758396598bf4a41092513f3c64deb7d9f1ff07f7c?s=96&d=mm&r=g","url":"https:\/\/secure.gravatar.com\/avatar\/5da426a260eac4df1fc6d83758396598bf4a41092513f3c64deb7d9f1ff07f7c?s=96&d=mm&r=g","contentUrl":"https:\/\/secure.gravatar.com\/avatar\/5da426a260eac4df1fc6d83758396598bf4a41092513f3c64deb7d9f1ff07f7c?s=96&d=mm&r=g","caption":"admin"},"sameAs":["https:\/\/ccargtur.org"],"url":"https:\/\/ccargtur.org\/tr\/author\/leogiroldi\/"}]}},"_links":{"self":[{"href":"https:\/\/ccargtur.org\/tr\/wp-json\/wp\/v2\/posts\/3044","targetHints":{"allow":["GET"]}}],"collection":[{"href":"https:\/\/ccargtur.org\/tr\/wp-json\/wp\/v2\/posts"}],"about":[{"href":"https:\/\/ccargtur.org\/tr\/wp-json\/wp\/v2\/types\/post"}],"author":[{"embeddable":true,"href":"https:\/\/ccargtur.org\/tr\/wp-json\/wp\/v2\/users\/1"}],"replies":[{"embeddable":true,"href":"https:\/\/ccargtur.org\/tr\/wp-json\/wp\/v2\/comments?post=3044"}],"version-history":[{"count":0,"href":"https:\/\/ccargtur.org\/tr\/wp-json\/wp\/v2\/posts\/3044\/revisions"}],"wp:featuredmedia":[{"embeddable":true,"href":"https:\/\/ccargtur.org\/tr\/wp-json\/wp\/v2\/media\/3047"}],"wp:attachment":[{"href":"https:\/\/ccargtur.org\/tr\/wp-json\/wp\/v2\/media?parent=3044"}],"wp:term":[{"taxonomy":"category","embeddable":true,"href":"https:\/\/ccargtur.org\/tr\/wp-json\/wp\/v2\/categories?post=3044"},{"taxonomy":"post_tag","embeddable":true,"href":"https:\/\/ccargtur.org\/tr\/wp-json\/wp\/v2\/tags?post=3044"}],"curies":[{"name":"wp","href":"https:\/\/api.w.org\/{rel}","templated":true}]}}