{"id":3000,"date":"2025-10-06T22:08:08","date_gmt":"2025-10-07T01:08:08","guid":{"rendered":"https:\/\/ccargtur.org\/?p=3000"},"modified":"2025-10-07T23:35:30","modified_gmt":"2025-10-08T02:35:30","slug":"arjantin-deniz-kuvvetleri-bolgesine-protokol-ziyareti","status":"publish","type":"post","link":"https:\/\/ccargtur.org\/tr\/arjantin-deniz-kuvvetleri-bolgesine-protokol-ziyareti\/","title":{"rendered":"Arjantin Deniz Kuvvetleri B\u00f6lgesine Protokol Ziyareti"},"content":{"rendered":"<p>CCARGTUR Etkinli\u011fi \u2013 6 Ekim 2025<br \/>\nArjantin Deniz Kuvvetleri Komutanl\u0131\u011f\u0131&#8217;na Protokol Ziyareti<\/p>\n<p>Arjantin-T\u00fcrk Ticaret Odas\u0131 (CCAT) Ba\u015fkan\u0131 \u00d6zg\u00fcr Y\u00fccel Demir, Arjantin Deniz Kuvvetleri Komutan\u0131 Guillermo Gim\u00e9nez P\u00e9rez&#8217;e protokol ziyareti ger\u00e7ekle\u015ftirdi.<\/p>\n<p>G\u00f6r\u00fc\u015fmede, Arjantin ve T\u00fcrkiye aras\u0131nda deniz savunma ve g\u00fcvenli\u011fi alan\u0131nda teknolojik ve ticari i\u015fbirli\u011fi olanaklar\u0131 ele al\u0131nd\u0131.<\/p>\n<p>Ba\u015fkan, Oda ad\u0131na savunma teknolojisi alan\u0131nda uzmanla\u015fm\u0131\u015f T\u00fcrk \u015firketlerini tan\u0131tt\u0131 ve bu \u015firketlerin \u00fclkede sat\u0131\u015f sonras\u0131 bak\u0131m ve teknik destek sunma kapasitelerini ve Arjantinli \u015firketlerle ortak giri\u015fimler kurma olas\u0131l\u0131klar\u0131n\u0131 vurgulad\u0131.<\/p>\n<p>Arjantin-T\u00fcrk Ticaret Odas\u0131, T\u00fcrk \u015firketlerle ba\u011flant\u0131 kurmak isteyen Arjantin bakanl\u0131klar\u0131 ve kurumlar\u0131 aras\u0131nda kurumsal bir k\u00f6pr\u00fc g\u00f6revi \u00fcstlenerek, teknolojik i\u015fbirli\u011fini, ticari al\u0131\u015fveri\u015fi ve ikili ili\u015fkilerin g\u00fc\u00e7lendirilmesini te\u015fvik etmeye devam etmektedir.<\/p>\n","protected":false},"excerpt":{"rendered":"<p>CCARGTUR Etkinli\u011fi \u2013 6 Ekim 2025 Arjantin Deniz Kuvvetleri Komutanl\u0131\u011f\u0131&#8217;na Protokol Ziyareti Arjantin-T\u00fcrk Ticaret Odas\u0131 (CCAT) Ba\u015fkan\u0131 \u00d6zg\u00fcr Y\u00fccel Demir, Arjantin Deniz Kuvvetleri Komutan\u0131 Guillermo Gim\u00e9nez P\u00e9rez&#8217;e protokol ziyareti ger\u00e7ekle\u015ftirdi. G\u00f6r\u00fc\u015fmede, Arjantin ve T\u00fcrkiye aras\u0131nda deniz savunma ve g\u00fcvenli\u011fi alan\u0131nda teknolojik ve ticari i\u015fbirli\u011fi olanaklar\u0131&#8230;<\/p>\n","protected":false},"author":1,"featured_media":3003,"comment_status":"closed","ping_status":"closed","sticky":false,"template":"","format":"standard","meta":{"cybocfi_hide_featured_image":"","footnotes":"","_links_to":"","_links_to_target":""},"categories":[88],"tags":[],"class_list":["post-3000","post","type-post","status-publish","format-standard","has-post-thumbnail","hentry","category-gundem"],"yoast_head":"<!-- This site is optimized with the Yoast SEO Premium plugin v27.3 (Yoast SEO v27.4) - https:\/\/yoast.com\/product\/yoast-seo-premium-wordpress\/ -->\n<title>Arjantin Deniz Kuvvetleri B\u00f6lgesine Protokol Ziyareti - C\u00e1mara de Comercio Argentino - Turca<\/title>\n<meta name=\"robots\" content=\"index, follow, max-snippet:-1, max-image-preview:large, max-video-preview:-1\" \/>\n<link rel=\"canonical\" href=\"https:\/\/ccargtur.org\/tr\/arjantin-deniz-kuvvetleri-bolgesine-protokol-ziyareti\/\" \/>\n<meta property=\"og:locale\" content=\"tr_TR\" \/>\n<meta property=\"og:type\" content=\"article\" \/>\n<meta property=\"og:title\" content=\"Arjantin Deniz Kuvvetleri B\u00f6lgesine Protokol Ziyareti\" \/>\n<meta property=\"og:description\" content=\"CCARGTUR Etkinli\u011fi \u2013 6 Ekim 2025 Arjantin Deniz Kuvvetleri Komutanl\u0131\u011f\u0131&#8217;na Protokol Ziyareti Arjantin-T\u00fcrk Ticaret Odas\u0131 (CCAT) Ba\u015fkan\u0131 \u00d6zg\u00fcr Y\u00fccel Demir, Arjantin Deniz Kuvvetleri Komutan\u0131 Guillermo Gim\u00e9nez P\u00e9rez&#8217;e protokol ziyareti ger\u00e7ekle\u015ftirdi. G\u00f6r\u00fc\u015fmede, Arjantin ve T\u00fcrkiye aras\u0131nda deniz savunma ve g\u00fcvenli\u011fi alan\u0131nda teknolojik ve ticari i\u015fbirli\u011fi olanaklar\u0131...\" \/>\n<meta property=\"og:url\" content=\"https:\/\/ccargtur.org\/tr\/arjantin-deniz-kuvvetleri-bolgesine-protokol-ziyareti\/\" \/>\n<meta property=\"og:site_name\" content=\"C\u00e1mara de Comercio Argentino - Turca\" \/>\n<meta property=\"article:published_time\" content=\"2025-10-07T01:08:08+00:00\" \/>\n<meta property=\"article:modified_time\" content=\"2025-10-08T02:35:30+00:00\" \/>\n<meta property=\"og:image\" content=\"https:\/\/ccargtur.org\/wp-content\/uploads\/2025\/10\/Imagen-de-WhatsApp-2025-10-07-a-las-05.27.07_8bf043ab.jpg\" \/>\n\t<meta property=\"og:image:width\" content=\"1200\" \/>\n\t<meta property=\"og:image:height\" content=\"1000\" \/>\n\t<meta property=\"og:image:type\" content=\"image\/jpeg\" \/>\n<meta name=\"author\" content=\"admin\" \/>\n<meta name=\"twitter:card\" content=\"summary_large_image\" \/>\n<meta name=\"twitter:label1\" content=\"Yazan:\" \/>\n\t<meta name=\"twitter:data1\" content=\"admin\" \/>\n\t<meta name=\"twitter:label2\" content=\"Tahmini okuma s\u00fcresi\" \/>\n\t<meta name=\"twitter:data2\" content=\"1 dakika\" \/>\n<script type=\"application\/ld+json\" class=\"yoast-schema-graph\">{\"@context\":\"https:\\\/\\\/schema.org\",\"@graph\":[{\"@type\":\"Article\",\"@id\":\"https:\\\/\\\/ccargtur.org\\\/tr\\\/arjantin-deniz-kuvvetleri-bolgesine-protokol-ziyareti\\\/#article\",\"isPartOf\":{\"@id\":\"https:\\\/\\\/ccargtur.org\\\/tr\\\/arjantin-deniz-kuvvetleri-bolgesine-protokol-ziyareti\\\/\"},\"author\":{\"name\":\"admin\",\"@id\":\"https:\\\/\\\/ccargtur.org\\\/#\\\/schema\\\/person\\\/2486ebafba9aaed451c1769146daa278\"},\"headline\":\"Arjantin Deniz Kuvvetleri B\u00f6lgesine Protokol Ziyareti\",\"datePublished\":\"2025-10-07T01:08:08+00:00\",\"dateModified\":\"2025-10-08T02:35:30+00:00\",\"mainEntityOfPage\":{\"@id\":\"https:\\\/\\\/ccargtur.org\\\/tr\\\/arjantin-deniz-kuvvetleri-bolgesine-protokol-ziyareti\\\/\"},\"wordCount\":157,\"publisher\":{\"@id\":\"https:\\\/\\\/ccargtur.org\\\/#organization\"},\"image\":{\"@id\":\"https:\\\/\\\/ccargtur.org\\\/tr\\\/arjantin-deniz-kuvvetleri-bolgesine-protokol-ziyareti\\\/#primaryimage\"},\"thumbnailUrl\":\"https:\\\/\\\/ccargtur.org\\\/wp-content\\\/uploads\\\/2025\\\/10\\\/Imagen-de-WhatsApp-2025-10-07-a-las-05.27.07_8bf043ab.jpg\",\"articleSection\":[\"G\u00fcndem\"],\"inLanguage\":\"tr\"},{\"@type\":\"WebPage\",\"@id\":\"https:\\\/\\\/ccargtur.org\\\/tr\\\/arjantin-deniz-kuvvetleri-bolgesine-protokol-ziyareti\\\/\",\"url\":\"https:\\\/\\\/ccargtur.org\\\/tr\\\/arjantin-deniz-kuvvetleri-bolgesine-protokol-ziyareti\\\/\",\"name\":\"Arjantin Deniz Kuvvetleri B\u00f6lgesine Protokol Ziyareti - C\u00e1mara de Comercio Argentino - Turca\",\"isPartOf\":{\"@id\":\"https:\\\/\\\/ccargtur.org\\\/#website\"},\"primaryImageOfPage\":{\"@id\":\"https:\\\/\\\/ccargtur.org\\\/tr\\\/arjantin-deniz-kuvvetleri-bolgesine-protokol-ziyareti\\\/#primaryimage\"},\"image\":{\"@id\":\"https:\\\/\\\/ccargtur.org\\\/tr\\\/arjantin-deniz-kuvvetleri-bolgesine-protokol-ziyareti\\\/#primaryimage\"},\"thumbnailUrl\":\"https:\\\/\\\/ccargtur.org\\\/wp-content\\\/uploads\\\/2025\\\/10\\\/Imagen-de-WhatsApp-2025-10-07-a-las-05.27.07_8bf043ab.jpg\",\"datePublished\":\"2025-10-07T01:08:08+00:00\",\"dateModified\":\"2025-10-08T02:35:30+00:00\",\"breadcrumb\":{\"@id\":\"https:\\\/\\\/ccargtur.org\\\/tr\\\/arjantin-deniz-kuvvetleri-bolgesine-protokol-ziyareti\\\/#breadcrumb\"},\"inLanguage\":\"tr\",\"potentialAction\":[{\"@type\":\"ReadAction\",\"target\":[\"https:\\\/\\\/ccargtur.org\\\/tr\\\/arjantin-deniz-kuvvetleri-bolgesine-protokol-ziyareti\\\/\"]}]},{\"@type\":\"ImageObject\",\"inLanguage\":\"tr\",\"@id\":\"https:\\\/\\\/ccargtur.org\\\/tr\\\/arjantin-deniz-kuvvetleri-bolgesine-protokol-ziyareti\\\/#primaryimage\",\"url\":\"https:\\\/\\\/ccargtur.org\\\/wp-content\\\/uploads\\\/2025\\\/10\\\/Imagen-de-WhatsApp-2025-10-07-a-las-05.27.07_8bf043ab.jpg\",\"contentUrl\":\"https:\\\/\\\/ccargtur.org\\\/wp-content\\\/uploads\\\/2025\\\/10\\\/Imagen-de-WhatsApp-2025-10-07-a-las-05.27.07_8bf043ab.jpg\",\"width\":1200,\"height\":1000},{\"@type\":\"BreadcrumbList\",\"@id\":\"https:\\\/\\\/ccargtur.org\\\/tr\\\/arjantin-deniz-kuvvetleri-bolgesine-protokol-ziyareti\\\/#breadcrumb\",\"itemListElement\":[{\"@type\":\"ListItem\",\"position\":1,\"name\":\"Inicio\",\"item\":\"https:\\\/\\\/ccargtur.org\\\/tr\\\/\"},{\"@type\":\"ListItem\",\"position\":2,\"name\":\"Arjantin Deniz Kuvvetleri B\u00f6lgesine Protokol Ziyareti\"}]},{\"@type\":\"WebSite\",\"@id\":\"https:\\\/\\\/ccargtur.org\\\/#website\",\"url\":\"https:\\\/\\\/ccargtur.org\\\/\",\"name\":\"C\u00e1mara de Comercio Argentino - Turca\",\"description\":\"\",\"publisher\":{\"@id\":\"https:\\\/\\\/ccargtur.org\\\/#organization\"},\"potentialAction\":[{\"@type\":\"SearchAction\",\"target\":{\"@type\":\"EntryPoint\",\"urlTemplate\":\"https:\\\/\\\/ccargtur.org\\\/?s={search_term_string}\"},\"query-input\":{\"@type\":\"PropertyValueSpecification\",\"valueRequired\":true,\"valueName\":\"search_term_string\"}}],\"inLanguage\":\"tr\"},{\"@type\":\"Organization\",\"@id\":\"https:\\\/\\\/ccargtur.org\\\/#organization\",\"name\":\"C\u00e1mara de Comercio Argentino - Turca\",\"url\":\"https:\\\/\\\/ccargtur.org\\\/\",\"logo\":{\"@type\":\"ImageObject\",\"inLanguage\":\"tr\",\"@id\":\"https:\\\/\\\/ccargtur.org\\\/#\\\/schema\\\/logo\\\/image\\\/\",\"url\":\"https:\\\/\\\/i0.wp.com\\\/ccargtur.org\\\/wp-content\\\/uploads\\\/2021\\\/11\\\/LOGO-CCARGTUR.webp?fit=2150%2C856&ssl=1\",\"contentUrl\":\"https:\\\/\\\/i0.wp.com\\\/ccargtur.org\\\/wp-content\\\/uploads\\\/2021\\\/11\\\/LOGO-CCARGTUR.webp?fit=2150%2C856&ssl=1\",\"width\":2150,\"height\":856,\"caption\":\"C\u00e1mara de Comercio Argentino - Turca\"},\"image\":{\"@id\":\"https:\\\/\\\/ccargtur.org\\\/#\\\/schema\\\/logo\\\/image\\\/\"}},{\"@type\":\"Person\",\"@id\":\"https:\\\/\\\/ccargtur.org\\\/#\\\/schema\\\/person\\\/2486ebafba9aaed451c1769146daa278\",\"name\":\"admin\",\"image\":{\"@type\":\"ImageObject\",\"inLanguage\":\"tr\",\"@id\":\"https:\\\/\\\/secure.gravatar.com\\\/avatar\\\/5da426a260eac4df1fc6d83758396598bf4a41092513f3c64deb7d9f1ff07f7c?s=96&d=mm&r=g\",\"url\":\"https:\\\/\\\/secure.gravatar.com\\\/avatar\\\/5da426a260eac4df1fc6d83758396598bf4a41092513f3c64deb7d9f1ff07f7c?s=96&d=mm&r=g\",\"contentUrl\":\"https:\\\/\\\/secure.gravatar.com\\\/avatar\\\/5da426a260eac4df1fc6d83758396598bf4a41092513f3c64deb7d9f1ff07f7c?s=96&d=mm&r=g\",\"caption\":\"admin\"},\"sameAs\":[\"https:\\\/\\\/ccargtur.org\"],\"url\":\"https:\\\/\\\/ccargtur.org\\\/tr\\\/author\\\/leogiroldi\\\/\"}]}<\/script>\n<!-- \/ Yoast SEO Premium plugin. -->","yoast_head_json":{"title":"Arjantin Deniz Kuvvetleri B\u00f6lgesine Protokol Ziyareti - C\u00e1mara de Comercio Argentino - Turca","robots":{"index":"index","follow":"follow","max-snippet":"max-snippet:-1","max-image-preview":"max-image-preview:large","max-video-preview":"max-video-preview:-1"},"canonical":"https:\/\/ccargtur.org\/tr\/arjantin-deniz-kuvvetleri-bolgesine-protokol-ziyareti\/","og_locale":"tr_TR","og_type":"article","og_title":"Arjantin Deniz Kuvvetleri B\u00f6lgesine Protokol Ziyareti","og_description":"CCARGTUR Etkinli\u011fi \u2013 6 Ekim 2025 Arjantin Deniz Kuvvetleri Komutanl\u0131\u011f\u0131&#8217;na Protokol Ziyareti Arjantin-T\u00fcrk Ticaret Odas\u0131 (CCAT) Ba\u015fkan\u0131 \u00d6zg\u00fcr Y\u00fccel Demir, Arjantin Deniz Kuvvetleri Komutan\u0131 Guillermo Gim\u00e9nez P\u00e9rez&#8217;e protokol ziyareti ger\u00e7ekle\u015ftirdi. G\u00f6r\u00fc\u015fmede, Arjantin ve T\u00fcrkiye aras\u0131nda deniz savunma ve g\u00fcvenli\u011fi alan\u0131nda teknolojik ve ticari i\u015fbirli\u011fi olanaklar\u0131...","og_url":"https:\/\/ccargtur.org\/tr\/arjantin-deniz-kuvvetleri-bolgesine-protokol-ziyareti\/","og_site_name":"C\u00e1mara de Comercio Argentino - Turca","article_published_time":"2025-10-07T01:08:08+00:00","article_modified_time":"2025-10-08T02:35:30+00:00","og_image":[{"width":1200,"height":1000,"url":"https:\/\/ccargtur.org\/wp-content\/uploads\/2025\/10\/Imagen-de-WhatsApp-2025-10-07-a-las-05.27.07_8bf043ab.jpg","type":"image\/jpeg"}],"author":"admin","twitter_card":"summary_large_image","twitter_misc":{"Yazan:":"admin","Tahmini okuma s\u00fcresi":"1 dakika"},"schema":{"@context":"https:\/\/schema.org","@graph":[{"@type":"Article","@id":"https:\/\/ccargtur.org\/tr\/arjantin-deniz-kuvvetleri-bolgesine-protokol-ziyareti\/#article","isPartOf":{"@id":"https:\/\/ccargtur.org\/tr\/arjantin-deniz-kuvvetleri-bolgesine-protokol-ziyareti\/"},"author":{"name":"admin","@id":"https:\/\/ccargtur.org\/#\/schema\/person\/2486ebafba9aaed451c1769146daa278"},"headline":"Arjantin Deniz Kuvvetleri B\u00f6lgesine Protokol Ziyareti","datePublished":"2025-10-07T01:08:08+00:00","dateModified":"2025-10-08T02:35:30+00:00","mainEntityOfPage":{"@id":"https:\/\/ccargtur.org\/tr\/arjantin-deniz-kuvvetleri-bolgesine-protokol-ziyareti\/"},"wordCount":157,"publisher":{"@id":"https:\/\/ccargtur.org\/#organization"},"image":{"@id":"https:\/\/ccargtur.org\/tr\/arjantin-deniz-kuvvetleri-bolgesine-protokol-ziyareti\/#primaryimage"},"thumbnailUrl":"https:\/\/ccargtur.org\/wp-content\/uploads\/2025\/10\/Imagen-de-WhatsApp-2025-10-07-a-las-05.27.07_8bf043ab.jpg","articleSection":["G\u00fcndem"],"inLanguage":"tr"},{"@type":"WebPage","@id":"https:\/\/ccargtur.org\/tr\/arjantin-deniz-kuvvetleri-bolgesine-protokol-ziyareti\/","url":"https:\/\/ccargtur.org\/tr\/arjantin-deniz-kuvvetleri-bolgesine-protokol-ziyareti\/","name":"Arjantin Deniz Kuvvetleri B\u00f6lgesine Protokol Ziyareti - C\u00e1mara de Comercio Argentino - Turca","isPartOf":{"@id":"https:\/\/ccargtur.org\/#website"},"primaryImageOfPage":{"@id":"https:\/\/ccargtur.org\/tr\/arjantin-deniz-kuvvetleri-bolgesine-protokol-ziyareti\/#primaryimage"},"image":{"@id":"https:\/\/ccargtur.org\/tr\/arjantin-deniz-kuvvetleri-bolgesine-protokol-ziyareti\/#primaryimage"},"thumbnailUrl":"https:\/\/ccargtur.org\/wp-content\/uploads\/2025\/10\/Imagen-de-WhatsApp-2025-10-07-a-las-05.27.07_8bf043ab.jpg","datePublished":"2025-10-07T01:08:08+00:00","dateModified":"2025-10-08T02:35:30+00:00","breadcrumb":{"@id":"https:\/\/ccargtur.org\/tr\/arjantin-deniz-kuvvetleri-bolgesine-protokol-ziyareti\/#breadcrumb"},"inLanguage":"tr","potentialAction":[{"@type":"ReadAction","target":["https:\/\/ccargtur.org\/tr\/arjantin-deniz-kuvvetleri-bolgesine-protokol-ziyareti\/"]}]},{"@type":"ImageObject","inLanguage":"tr","@id":"https:\/\/ccargtur.org\/tr\/arjantin-deniz-kuvvetleri-bolgesine-protokol-ziyareti\/#primaryimage","url":"https:\/\/ccargtur.org\/wp-content\/uploads\/2025\/10\/Imagen-de-WhatsApp-2025-10-07-a-las-05.27.07_8bf043ab.jpg","contentUrl":"https:\/\/ccargtur.org\/wp-content\/uploads\/2025\/10\/Imagen-de-WhatsApp-2025-10-07-a-las-05.27.07_8bf043ab.jpg","width":1200,"height":1000},{"@type":"BreadcrumbList","@id":"https:\/\/ccargtur.org\/tr\/arjantin-deniz-kuvvetleri-bolgesine-protokol-ziyareti\/#breadcrumb","itemListElement":[{"@type":"ListItem","position":1,"name":"Inicio","item":"https:\/\/ccargtur.org\/tr\/"},{"@type":"ListItem","position":2,"name":"Arjantin Deniz Kuvvetleri B\u00f6lgesine Protokol Ziyareti"}]},{"@type":"WebSite","@id":"https:\/\/ccargtur.org\/#website","url":"https:\/\/ccargtur.org\/","name":"C\u00e1mara de Comercio Argentino - Turca","description":"","publisher":{"@id":"https:\/\/ccargtur.org\/#organization"},"potentialAction":[{"@type":"SearchAction","target":{"@type":"EntryPoint","urlTemplate":"https:\/\/ccargtur.org\/?s={search_term_string}"},"query-input":{"@type":"PropertyValueSpecification","valueRequired":true,"valueName":"search_term_string"}}],"inLanguage":"tr"},{"@type":"Organization","@id":"https:\/\/ccargtur.org\/#organization","name":"C\u00e1mara de Comercio Argentino - Turca","url":"https:\/\/ccargtur.org\/","logo":{"@type":"ImageObject","inLanguage":"tr","@id":"https:\/\/ccargtur.org\/#\/schema\/logo\/image\/","url":"https:\/\/i0.wp.com\/ccargtur.org\/wp-content\/uploads\/2021\/11\/LOGO-CCARGTUR.webp?fit=2150%2C856&ssl=1","contentUrl":"https:\/\/i0.wp.com\/ccargtur.org\/wp-content\/uploads\/2021\/11\/LOGO-CCARGTUR.webp?fit=2150%2C856&ssl=1","width":2150,"height":856,"caption":"C\u00e1mara de Comercio Argentino - Turca"},"image":{"@id":"https:\/\/ccargtur.org\/#\/schema\/logo\/image\/"}},{"@type":"Person","@id":"https:\/\/ccargtur.org\/#\/schema\/person\/2486ebafba9aaed451c1769146daa278","name":"admin","image":{"@type":"ImageObject","inLanguage":"tr","@id":"https:\/\/secure.gravatar.com\/avatar\/5da426a260eac4df1fc6d83758396598bf4a41092513f3c64deb7d9f1ff07f7c?s=96&d=mm&r=g","url":"https:\/\/secure.gravatar.com\/avatar\/5da426a260eac4df1fc6d83758396598bf4a41092513f3c64deb7d9f1ff07f7c?s=96&d=mm&r=g","contentUrl":"https:\/\/secure.gravatar.com\/avatar\/5da426a260eac4df1fc6d83758396598bf4a41092513f3c64deb7d9f1ff07f7c?s=96&d=mm&r=g","caption":"admin"},"sameAs":["https:\/\/ccargtur.org"],"url":"https:\/\/ccargtur.org\/tr\/author\/leogiroldi\/"}]}},"_links":{"self":[{"href":"https:\/\/ccargtur.org\/tr\/wp-json\/wp\/v2\/posts\/3000","targetHints":{"allow":["GET"]}}],"collection":[{"href":"https:\/\/ccargtur.org\/tr\/wp-json\/wp\/v2\/posts"}],"about":[{"href":"https:\/\/ccargtur.org\/tr\/wp-json\/wp\/v2\/types\/post"}],"author":[{"embeddable":true,"href":"https:\/\/ccargtur.org\/tr\/wp-json\/wp\/v2\/users\/1"}],"replies":[{"embeddable":true,"href":"https:\/\/ccargtur.org\/tr\/wp-json\/wp\/v2\/comments?post=3000"}],"version-history":[{"count":0,"href":"https:\/\/ccargtur.org\/tr\/wp-json\/wp\/v2\/posts\/3000\/revisions"}],"wp:featuredmedia":[{"embeddable":true,"href":"https:\/\/ccargtur.org\/tr\/wp-json\/wp\/v2\/media\/3003"}],"wp:attachment":[{"href":"https:\/\/ccargtur.org\/tr\/wp-json\/wp\/v2\/media?parent=3000"}],"wp:term":[{"taxonomy":"category","embeddable":true,"href":"https:\/\/ccargtur.org\/tr\/wp-json\/wp\/v2\/categories?post=3000"},{"taxonomy":"post_tag","embeddable":true,"href":"https:\/\/ccargtur.org\/tr\/wp-json\/wp\/v2\/tags?post=3000"}],"curies":[{"name":"wp","href":"https:\/\/api.w.org\/{rel}","templated":true}]}}