{"id":2349,"date":"2025-06-05T02:28:15","date_gmt":"2025-06-05T05:28:15","guid":{"rendered":"https:\/\/ccargtur.org\/?p=2349"},"modified":"2025-08-26T00:55:03","modified_gmt":"2025-08-26T03:55:03","slug":"fecoba-ile-anlasma","status":"publish","type":"post","link":"https:\/\/ccargtur.org\/tr\/fecoba-ile-anlasma\/","title":{"rendered":"FECOBA ile Anla\u015fma"},"content":{"rendered":"<p>C.C.A.T.&#8217;\u0131n 5 May\u0131s 2025 Pazartesi g\u00fcnk\u00fc faaliyeti?<\/p>\n<p>Arjantin-T\u00fcrk Ticaret Odas\u0131 ile Buenos Aires \u015eehri Ticaret ve Sanayi Federasyonu aras\u0131nda bir i\u015fbirli\u011fi anla\u015fmas\u0131 imzalad\u0131.<\/p>\n<p>Ge\u00e7ti\u011fimiz 5 May\u0131s g\u00fcn\u00fc Arjantin-T\u00fcrk Ticaret Odas\u0131 CCAT (NGO) ve Buenos Aires \u015eehri Ticaret ve Sanayi Federasyonu (FECOBA), bir i\u015fbirli\u011fi anla\u015fmas\u0131 imzalayarak her iki kurum aras\u0131ndaki i\u015fbirli\u011fi ba\u011flar\u0131n\u0131 g\u00fc\u00e7lendirmek amac\u0131yla \u00f6nemli bir kurumsal toplant\u0131 ger\u00e7ekle\u015ftirdi. Bu anla\u015fma, ikili ticaretin geli\u015ftirilmesini te\u015fvik etmeyi ve her iki \u00fclkeden giri\u015fimciler, KOB\u0130&#8217;ler ve \u015firketler i\u00e7in somut f\u0131rsatlar yaratmay\u0131 ama\u00e7lamaktad\u0131r.<\/p>\n<p>CCAT heyetine Ba\u015fkan \u00d6zg\u00fcr Demir ba\u015fkanl\u0131k ederken, Genel Sekreteri Dr. Carlos Brown ve Sayman Dr.Silvia Salvi e\u015flik etti. FECOBA ise,\u00a0 Say\u0131n ba\u015fkan Fabi\u00e1n Xavier Castillo, Genel Sekreter Sergio H. Lamas, 1. Ba\u015fkan Yard\u0131mc\u0131s\u0131 Mariano Tarruella, D\u0131\u015f Ticaret Sekreteri Mart\u00edn Pic\u00f3n ve Uluslararas\u0131 \u0130li\u015fkiler Sekreteri Patricia Pitaluga taraf\u0131ndan temsil edildi.<\/p>\n<p>Toplant\u0131da, hem Buenos Aires \u015eehrinde hem de uluslararas\u0131 alanda \u00fcretken ve ticari kalk\u0131nmay\u0131 destekleyen k\u00f6pr\u00fcler kurman\u0131n \u00f6nemi vurguland\u0131. Her iki kurum da giderek zorla\u015fan k\u00fcresel ba\u011flamda \u00fcretken sekt\u00f6rlerin desteklenmesine y\u00f6nelik ortak eylemlerin ifade edilmesi gerekti\u011fi konusunda mutab\u0131k kald\u0131.<\/p>\n<p>Bu ba\u011flamda, metal\u00fcrji sekt\u00f6r\u00fcnden T\u00fcrk \u015firketi A-B MAKINA&#8217;n\u0131n FECOBA&#8217;ya kat\u0131lan ilk T\u00fcrk k\u00f6kenli \u015firket olmas\u0131 da kutland\u0131; bu iki \u00fclke aras\u0131ndaki ticari entegrasyonda bir \u00f6nem\u00a0 i\u015faret ediyor ve daha b\u00fcy\u00fck ikili ticaret ba\u011flant\u0131lar\u0131na y\u00f6nelik somut bir ad\u0131m\u0131 temsil ediyor.<\/p>\n<p>\u0130mzalanan anla\u015fma, di\u011fer giri\u015fimlerin yan\u0131 s\u0131ra, Arjantinli ve T\u00fcrk i\u015fadamlar\u0131 aras\u0131ndaki f\u0131rsatlar\u0131 artt\u0131rmay\u0131 ama\u00e7layan i\u015f turlar\u0131, ticaret misyonlar\u0131 ve e\u011fitimlerin d\u00fczenlenmesini de i\u00e7eriyor.<\/p>\n<p>Bu anla\u015fma, daha sa\u011flam bir ticari entegrasyona giden yolda yeni bir ad\u0131m\u0131 i\u015faret etmekte ve Oda&#8217;n\u0131n ikili ticari geli\u015fime olan ba\u011fl\u0131l\u0131\u011f\u0131n\u0131 bir kez daha teyit etmektedir.<\/p>\n","protected":false},"excerpt":{"rendered":"<p>C.C.A.T.&#8217;\u0131n 5 May\u0131s 2025 Pazartesi g\u00fcnk\u00fc faaliyeti? Arjantin-T\u00fcrk Ticaret Odas\u0131 ile Buenos Aires \u015eehri Ticaret ve Sanayi Federasyonu aras\u0131nda bir i\u015fbirli\u011fi anla\u015fmas\u0131 imzalad\u0131. Ge\u00e7ti\u011fimiz 5 May\u0131s g\u00fcn\u00fc Arjantin-T\u00fcrk Ticaret Odas\u0131 CCAT (NGO) ve Buenos Aires \u015eehri Ticaret ve Sanayi Federasyonu (FECOBA), bir i\u015fbirli\u011fi anla\u015fmas\u0131 imzalayarak&#8230;<\/p>\n","protected":false},"author":1,"featured_media":2352,"comment_status":"closed","ping_status":"closed","sticky":false,"template":"","format":"standard","meta":{"cybocfi_hide_featured_image":"","footnotes":"","_links_to":"","_links_to_target":""},"categories":[88],"tags":[],"class_list":["post-2349","post","type-post","status-publish","format-standard","has-post-thumbnail","hentry","category-gundem"],"yoast_head":"<!-- This site is optimized with the Yoast SEO Premium plugin v27.3 (Yoast SEO v27.4) - https:\/\/yoast.com\/product\/yoast-seo-premium-wordpress\/ -->\n<title>FECOBA ile Anla\u015fma - C\u00e1mara de Comercio Argentino - Turca<\/title>\n<meta name=\"robots\" content=\"index, follow, max-snippet:-1, max-image-preview:large, max-video-preview:-1\" \/>\n<link rel=\"canonical\" href=\"https:\/\/ccargtur.org\/tr\/fecoba-ile-anlasma\/\" \/>\n<meta property=\"og:locale\" content=\"tr_TR\" \/>\n<meta property=\"og:type\" content=\"article\" \/>\n<meta property=\"og:title\" content=\"FECOBA ile Anla\u015fma\" \/>\n<meta property=\"og:description\" content=\"C.C.A.T.&#8217;\u0131n 5 May\u0131s 2025 Pazartesi g\u00fcnk\u00fc faaliyeti? Arjantin-T\u00fcrk Ticaret Odas\u0131 ile Buenos Aires \u015eehri Ticaret ve Sanayi Federasyonu aras\u0131nda bir i\u015fbirli\u011fi anla\u015fmas\u0131 imzalad\u0131. Ge\u00e7ti\u011fimiz 5 May\u0131s g\u00fcn\u00fc Arjantin-T\u00fcrk Ticaret Odas\u0131 CCAT (NGO) ve Buenos Aires \u015eehri Ticaret ve Sanayi Federasyonu (FECOBA), bir i\u015fbirli\u011fi anla\u015fmas\u0131 imzalayarak...\" \/>\n<meta property=\"og:url\" content=\"https:\/\/ccargtur.org\/tr\/fecoba-ile-anlasma\/\" \/>\n<meta property=\"og:site_name\" content=\"C\u00e1mara de Comercio Argentino - Turca\" \/>\n<meta property=\"article:published_time\" content=\"2025-06-05T05:28:15+00:00\" \/>\n<meta property=\"article:modified_time\" content=\"2025-08-26T03:55:03+00:00\" \/>\n<meta property=\"og:image\" content=\"https:\/\/ccargtur.org\/wp-content\/uploads\/2025\/06\/9d27ef33-db07-40eb-8dc2-d9ae1dcf9026.jpg\" \/>\n\t<meta property=\"og:image:width\" content=\"1600\" \/>\n\t<meta property=\"og:image:height\" content=\"1200\" \/>\n\t<meta property=\"og:image:type\" content=\"image\/jpeg\" \/>\n<meta name=\"author\" content=\"admin\" \/>\n<meta name=\"twitter:card\" content=\"summary_large_image\" \/>\n<meta name=\"twitter:label1\" content=\"Yazan:\" \/>\n\t<meta name=\"twitter:data1\" content=\"admin\" \/>\n\t<meta name=\"twitter:label2\" content=\"Tahmini okuma s\u00fcresi\" \/>\n\t<meta name=\"twitter:data2\" content=\"2 dakika\" \/>\n<script type=\"application\/ld+json\" class=\"yoast-schema-graph\">{\"@context\":\"https:\\\/\\\/schema.org\",\"@graph\":[{\"@type\":\"Article\",\"@id\":\"https:\\\/\\\/ccargtur.org\\\/tr\\\/fecoba-ile-anlasma\\\/#article\",\"isPartOf\":{\"@id\":\"https:\\\/\\\/ccargtur.org\\\/tr\\\/fecoba-ile-anlasma\\\/\"},\"author\":{\"name\":\"admin\",\"@id\":\"https:\\\/\\\/ccargtur.org\\\/#\\\/schema\\\/person\\\/2486ebafba9aaed451c1769146daa278\"},\"headline\":\"FECOBA ile Anla\u015fma\",\"datePublished\":\"2025-06-05T05:28:15+00:00\",\"dateModified\":\"2025-08-26T03:55:03+00:00\",\"mainEntityOfPage\":{\"@id\":\"https:\\\/\\\/ccargtur.org\\\/tr\\\/fecoba-ile-anlasma\\\/\"},\"wordCount\":361,\"publisher\":{\"@id\":\"https:\\\/\\\/ccargtur.org\\\/#organization\"},\"image\":{\"@id\":\"https:\\\/\\\/ccargtur.org\\\/tr\\\/fecoba-ile-anlasma\\\/#primaryimage\"},\"thumbnailUrl\":\"https:\\\/\\\/ccargtur.org\\\/wp-content\\\/uploads\\\/2025\\\/06\\\/9d27ef33-db07-40eb-8dc2-d9ae1dcf9026.jpg\",\"articleSection\":[\"G\u00fcndem\"],\"inLanguage\":\"tr\"},{\"@type\":\"WebPage\",\"@id\":\"https:\\\/\\\/ccargtur.org\\\/tr\\\/fecoba-ile-anlasma\\\/\",\"url\":\"https:\\\/\\\/ccargtur.org\\\/tr\\\/fecoba-ile-anlasma\\\/\",\"name\":\"FECOBA ile Anla\u015fma - C\u00e1mara de Comercio Argentino - Turca\",\"isPartOf\":{\"@id\":\"https:\\\/\\\/ccargtur.org\\\/#website\"},\"primaryImageOfPage\":{\"@id\":\"https:\\\/\\\/ccargtur.org\\\/tr\\\/fecoba-ile-anlasma\\\/#primaryimage\"},\"image\":{\"@id\":\"https:\\\/\\\/ccargtur.org\\\/tr\\\/fecoba-ile-anlasma\\\/#primaryimage\"},\"thumbnailUrl\":\"https:\\\/\\\/ccargtur.org\\\/wp-content\\\/uploads\\\/2025\\\/06\\\/9d27ef33-db07-40eb-8dc2-d9ae1dcf9026.jpg\",\"datePublished\":\"2025-06-05T05:28:15+00:00\",\"dateModified\":\"2025-08-26T03:55:03+00:00\",\"breadcrumb\":{\"@id\":\"https:\\\/\\\/ccargtur.org\\\/tr\\\/fecoba-ile-anlasma\\\/#breadcrumb\"},\"inLanguage\":\"tr\",\"potentialAction\":[{\"@type\":\"ReadAction\",\"target\":[\"https:\\\/\\\/ccargtur.org\\\/tr\\\/fecoba-ile-anlasma\\\/\"]}]},{\"@type\":\"ImageObject\",\"inLanguage\":\"tr\",\"@id\":\"https:\\\/\\\/ccargtur.org\\\/tr\\\/fecoba-ile-anlasma\\\/#primaryimage\",\"url\":\"https:\\\/\\\/ccargtur.org\\\/wp-content\\\/uploads\\\/2025\\\/06\\\/9d27ef33-db07-40eb-8dc2-d9ae1dcf9026.jpg\",\"contentUrl\":\"https:\\\/\\\/ccargtur.org\\\/wp-content\\\/uploads\\\/2025\\\/06\\\/9d27ef33-db07-40eb-8dc2-d9ae1dcf9026.jpg\",\"width\":1600,\"height\":1200},{\"@type\":\"BreadcrumbList\",\"@id\":\"https:\\\/\\\/ccargtur.org\\\/tr\\\/fecoba-ile-anlasma\\\/#breadcrumb\",\"itemListElement\":[{\"@type\":\"ListItem\",\"position\":1,\"name\":\"Inicio\",\"item\":\"https:\\\/\\\/ccargtur.org\\\/tr\\\/\"},{\"@type\":\"ListItem\",\"position\":2,\"name\":\"FECOBA ile Anla\u015fma\"}]},{\"@type\":\"WebSite\",\"@id\":\"https:\\\/\\\/ccargtur.org\\\/#website\",\"url\":\"https:\\\/\\\/ccargtur.org\\\/\",\"name\":\"C\u00e1mara de Comercio Argentino - Turca\",\"description\":\"\",\"publisher\":{\"@id\":\"https:\\\/\\\/ccargtur.org\\\/#organization\"},\"potentialAction\":[{\"@type\":\"SearchAction\",\"target\":{\"@type\":\"EntryPoint\",\"urlTemplate\":\"https:\\\/\\\/ccargtur.org\\\/?s={search_term_string}\"},\"query-input\":{\"@type\":\"PropertyValueSpecification\",\"valueRequired\":true,\"valueName\":\"search_term_string\"}}],\"inLanguage\":\"tr\"},{\"@type\":\"Organization\",\"@id\":\"https:\\\/\\\/ccargtur.org\\\/#organization\",\"name\":\"C\u00e1mara de Comercio Argentino - Turca\",\"url\":\"https:\\\/\\\/ccargtur.org\\\/\",\"logo\":{\"@type\":\"ImageObject\",\"inLanguage\":\"tr\",\"@id\":\"https:\\\/\\\/ccargtur.org\\\/#\\\/schema\\\/logo\\\/image\\\/\",\"url\":\"https:\\\/\\\/i0.wp.com\\\/ccargtur.org\\\/wp-content\\\/uploads\\\/2021\\\/11\\\/LOGO-CCARGTUR.webp?fit=2150%2C856&ssl=1\",\"contentUrl\":\"https:\\\/\\\/i0.wp.com\\\/ccargtur.org\\\/wp-content\\\/uploads\\\/2021\\\/11\\\/LOGO-CCARGTUR.webp?fit=2150%2C856&ssl=1\",\"width\":2150,\"height\":856,\"caption\":\"C\u00e1mara de Comercio Argentino - Turca\"},\"image\":{\"@id\":\"https:\\\/\\\/ccargtur.org\\\/#\\\/schema\\\/logo\\\/image\\\/\"}},{\"@type\":\"Person\",\"@id\":\"https:\\\/\\\/ccargtur.org\\\/#\\\/schema\\\/person\\\/2486ebafba9aaed451c1769146daa278\",\"name\":\"admin\",\"image\":{\"@type\":\"ImageObject\",\"inLanguage\":\"tr\",\"@id\":\"https:\\\/\\\/secure.gravatar.com\\\/avatar\\\/5da426a260eac4df1fc6d83758396598bf4a41092513f3c64deb7d9f1ff07f7c?s=96&d=mm&r=g\",\"url\":\"https:\\\/\\\/secure.gravatar.com\\\/avatar\\\/5da426a260eac4df1fc6d83758396598bf4a41092513f3c64deb7d9f1ff07f7c?s=96&d=mm&r=g\",\"contentUrl\":\"https:\\\/\\\/secure.gravatar.com\\\/avatar\\\/5da426a260eac4df1fc6d83758396598bf4a41092513f3c64deb7d9f1ff07f7c?s=96&d=mm&r=g\",\"caption\":\"admin\"},\"sameAs\":[\"https:\\\/\\\/ccargtur.org\"],\"url\":\"https:\\\/\\\/ccargtur.org\\\/tr\\\/author\\\/leogiroldi\\\/\"}]}<\/script>\n<!-- \/ Yoast SEO Premium plugin. -->","yoast_head_json":{"title":"FECOBA ile Anla\u015fma - C\u00e1mara de Comercio Argentino - Turca","robots":{"index":"index","follow":"follow","max-snippet":"max-snippet:-1","max-image-preview":"max-image-preview:large","max-video-preview":"max-video-preview:-1"},"canonical":"https:\/\/ccargtur.org\/tr\/fecoba-ile-anlasma\/","og_locale":"tr_TR","og_type":"article","og_title":"FECOBA ile Anla\u015fma","og_description":"C.C.A.T.&#8217;\u0131n 5 May\u0131s 2025 Pazartesi g\u00fcnk\u00fc faaliyeti? Arjantin-T\u00fcrk Ticaret Odas\u0131 ile Buenos Aires \u015eehri Ticaret ve Sanayi Federasyonu aras\u0131nda bir i\u015fbirli\u011fi anla\u015fmas\u0131 imzalad\u0131. Ge\u00e7ti\u011fimiz 5 May\u0131s g\u00fcn\u00fc Arjantin-T\u00fcrk Ticaret Odas\u0131 CCAT (NGO) ve Buenos Aires \u015eehri Ticaret ve Sanayi Federasyonu (FECOBA), bir i\u015fbirli\u011fi anla\u015fmas\u0131 imzalayarak...","og_url":"https:\/\/ccargtur.org\/tr\/fecoba-ile-anlasma\/","og_site_name":"C\u00e1mara de Comercio Argentino - Turca","article_published_time":"2025-06-05T05:28:15+00:00","article_modified_time":"2025-08-26T03:55:03+00:00","og_image":[{"width":1600,"height":1200,"url":"https:\/\/ccargtur.org\/wp-content\/uploads\/2025\/06\/9d27ef33-db07-40eb-8dc2-d9ae1dcf9026.jpg","type":"image\/jpeg"}],"author":"admin","twitter_card":"summary_large_image","twitter_misc":{"Yazan:":"admin","Tahmini okuma s\u00fcresi":"2 dakika"},"schema":{"@context":"https:\/\/schema.org","@graph":[{"@type":"Article","@id":"https:\/\/ccargtur.org\/tr\/fecoba-ile-anlasma\/#article","isPartOf":{"@id":"https:\/\/ccargtur.org\/tr\/fecoba-ile-anlasma\/"},"author":{"name":"admin","@id":"https:\/\/ccargtur.org\/#\/schema\/person\/2486ebafba9aaed451c1769146daa278"},"headline":"FECOBA ile Anla\u015fma","datePublished":"2025-06-05T05:28:15+00:00","dateModified":"2025-08-26T03:55:03+00:00","mainEntityOfPage":{"@id":"https:\/\/ccargtur.org\/tr\/fecoba-ile-anlasma\/"},"wordCount":361,"publisher":{"@id":"https:\/\/ccargtur.org\/#organization"},"image":{"@id":"https:\/\/ccargtur.org\/tr\/fecoba-ile-anlasma\/#primaryimage"},"thumbnailUrl":"https:\/\/ccargtur.org\/wp-content\/uploads\/2025\/06\/9d27ef33-db07-40eb-8dc2-d9ae1dcf9026.jpg","articleSection":["G\u00fcndem"],"inLanguage":"tr"},{"@type":"WebPage","@id":"https:\/\/ccargtur.org\/tr\/fecoba-ile-anlasma\/","url":"https:\/\/ccargtur.org\/tr\/fecoba-ile-anlasma\/","name":"FECOBA ile Anla\u015fma - C\u00e1mara de Comercio Argentino - Turca","isPartOf":{"@id":"https:\/\/ccargtur.org\/#website"},"primaryImageOfPage":{"@id":"https:\/\/ccargtur.org\/tr\/fecoba-ile-anlasma\/#primaryimage"},"image":{"@id":"https:\/\/ccargtur.org\/tr\/fecoba-ile-anlasma\/#primaryimage"},"thumbnailUrl":"https:\/\/ccargtur.org\/wp-content\/uploads\/2025\/06\/9d27ef33-db07-40eb-8dc2-d9ae1dcf9026.jpg","datePublished":"2025-06-05T05:28:15+00:00","dateModified":"2025-08-26T03:55:03+00:00","breadcrumb":{"@id":"https:\/\/ccargtur.org\/tr\/fecoba-ile-anlasma\/#breadcrumb"},"inLanguage":"tr","potentialAction":[{"@type":"ReadAction","target":["https:\/\/ccargtur.org\/tr\/fecoba-ile-anlasma\/"]}]},{"@type":"ImageObject","inLanguage":"tr","@id":"https:\/\/ccargtur.org\/tr\/fecoba-ile-anlasma\/#primaryimage","url":"https:\/\/ccargtur.org\/wp-content\/uploads\/2025\/06\/9d27ef33-db07-40eb-8dc2-d9ae1dcf9026.jpg","contentUrl":"https:\/\/ccargtur.org\/wp-content\/uploads\/2025\/06\/9d27ef33-db07-40eb-8dc2-d9ae1dcf9026.jpg","width":1600,"height":1200},{"@type":"BreadcrumbList","@id":"https:\/\/ccargtur.org\/tr\/fecoba-ile-anlasma\/#breadcrumb","itemListElement":[{"@type":"ListItem","position":1,"name":"Inicio","item":"https:\/\/ccargtur.org\/tr\/"},{"@type":"ListItem","position":2,"name":"FECOBA ile Anla\u015fma"}]},{"@type":"WebSite","@id":"https:\/\/ccargtur.org\/#website","url":"https:\/\/ccargtur.org\/","name":"C\u00e1mara de Comercio Argentino - Turca","description":"","publisher":{"@id":"https:\/\/ccargtur.org\/#organization"},"potentialAction":[{"@type":"SearchAction","target":{"@type":"EntryPoint","urlTemplate":"https:\/\/ccargtur.org\/?s={search_term_string}"},"query-input":{"@type":"PropertyValueSpecification","valueRequired":true,"valueName":"search_term_string"}}],"inLanguage":"tr"},{"@type":"Organization","@id":"https:\/\/ccargtur.org\/#organization","name":"C\u00e1mara de Comercio Argentino - Turca","url":"https:\/\/ccargtur.org\/","logo":{"@type":"ImageObject","inLanguage":"tr","@id":"https:\/\/ccargtur.org\/#\/schema\/logo\/image\/","url":"https:\/\/i0.wp.com\/ccargtur.org\/wp-content\/uploads\/2021\/11\/LOGO-CCARGTUR.webp?fit=2150%2C856&ssl=1","contentUrl":"https:\/\/i0.wp.com\/ccargtur.org\/wp-content\/uploads\/2021\/11\/LOGO-CCARGTUR.webp?fit=2150%2C856&ssl=1","width":2150,"height":856,"caption":"C\u00e1mara de Comercio Argentino - Turca"},"image":{"@id":"https:\/\/ccargtur.org\/#\/schema\/logo\/image\/"}},{"@type":"Person","@id":"https:\/\/ccargtur.org\/#\/schema\/person\/2486ebafba9aaed451c1769146daa278","name":"admin","image":{"@type":"ImageObject","inLanguage":"tr","@id":"https:\/\/secure.gravatar.com\/avatar\/5da426a260eac4df1fc6d83758396598bf4a41092513f3c64deb7d9f1ff07f7c?s=96&d=mm&r=g","url":"https:\/\/secure.gravatar.com\/avatar\/5da426a260eac4df1fc6d83758396598bf4a41092513f3c64deb7d9f1ff07f7c?s=96&d=mm&r=g","contentUrl":"https:\/\/secure.gravatar.com\/avatar\/5da426a260eac4df1fc6d83758396598bf4a41092513f3c64deb7d9f1ff07f7c?s=96&d=mm&r=g","caption":"admin"},"sameAs":["https:\/\/ccargtur.org"],"url":"https:\/\/ccargtur.org\/tr\/author\/leogiroldi\/"}]}},"_links":{"self":[{"href":"https:\/\/ccargtur.org\/tr\/wp-json\/wp\/v2\/posts\/2349","targetHints":{"allow":["GET"]}}],"collection":[{"href":"https:\/\/ccargtur.org\/tr\/wp-json\/wp\/v2\/posts"}],"about":[{"href":"https:\/\/ccargtur.org\/tr\/wp-json\/wp\/v2\/types\/post"}],"author":[{"embeddable":true,"href":"https:\/\/ccargtur.org\/tr\/wp-json\/wp\/v2\/users\/1"}],"replies":[{"embeddable":true,"href":"https:\/\/ccargtur.org\/tr\/wp-json\/wp\/v2\/comments?post=2349"}],"version-history":[{"count":0,"href":"https:\/\/ccargtur.org\/tr\/wp-json\/wp\/v2\/posts\/2349\/revisions"}],"wp:featuredmedia":[{"embeddable":true,"href":"https:\/\/ccargtur.org\/tr\/wp-json\/wp\/v2\/media\/2352"}],"wp:attachment":[{"href":"https:\/\/ccargtur.org\/tr\/wp-json\/wp\/v2\/media?parent=2349"}],"wp:term":[{"taxonomy":"category","embeddable":true,"href":"https:\/\/ccargtur.org\/tr\/wp-json\/wp\/v2\/categories?post=2349"},{"taxonomy":"post_tag","embeddable":true,"href":"https:\/\/ccargtur.org\/tr\/wp-json\/wp\/v2\/tags?post=2349"}],"curies":[{"name":"wp","href":"https:\/\/api.w.org\/{rel}","templated":true}]}}