{"id":2329,"date":"2025-05-16T02:02:11","date_gmt":"2025-05-16T05:02:11","guid":{"rendered":"https:\/\/ccargtur.org\/?p=2329"},"modified":"2025-07-01T21:31:09","modified_gmt":"2025-07-02T00:31:09","slug":"uluslararasi-yatirimcilar-net-kurallar-kurumsal-cerceve-ve-bir-dizi-reform-cagrisinda-bulunuyor","status":"publish","type":"post","link":"https:\/\/ccargtur.org\/tr\/uluslararasi-yatirimcilar-net-kurallar-kurumsal-cerceve-ve-bir-dizi-reform-cagrisinda-bulunuyor\/","title":{"rendered":"Uluslararas\u0131 yat\u0131r\u0131mc\u0131lar net kurallar, kurumsal \u00e7er\u00e7eve ve bir dizi reform \u00e7a\u011fr\u0131s\u0131nda bulunuyor"},"content":{"rendered":"<p>Arjantin-T\u00fcrk Ticaret Odas\u0131, Asya Odas\u0131, AmCham ( ABD Arjantin Ticaret Odas\u0131 ) ve Arjantin-Kanada Ticaret Odas\u0131 Madencilik Komitesi, \u00c1mbito Debate&#8217;in enerji ve madencilik konulu be\u015finci paneline kat\u0131ld\u0131.<\/p>\n<p>Arjantin-T\u00fcrk Ticaret Odas\u0131 (CCAT) Ba\u015fkan\u0131 \u00d6zg\u00fcr Demir, Avusturalya Ticaret Odas\u0131 Direkt\u00f6r\u00fc Norma Ramiro, AmCham H\u00fck\u00fcmet \u0130\u015fleri Direkt\u00f6r\u00fc Marina Senestro ve Arjantin-Kanada Ticaret Odas\u0131 Madencilik Komitesi Koordinat\u00f6r\u00fc Alberto Carlocchia \u00c1mbito Debate&#8217;in Enerji ve Madencilik konulu be\u015finci panelinde yer ald\u0131.<\/p>\n<p>\u00c1mbito&#8217;nun edit\u00f6r\u00fc ve Energy Report&#8217;un i\u00e7erik yarat\u0131c\u0131s\u0131 Sebasti\u00e1n D. Penelli&#8217;nin moderat\u00f6rl\u00fc\u011f\u00fcnde ger\u00e7ekle\u015fen \u201cArjantin d\u00fcnyaya a\u00e7\u0131l\u0131yor: nereye gidiyoruz?\u201d ba\u015fl\u0131kl\u0131 s\u00f6yle\u015fide ba\u015frol oyuncular\u0131 \u00fclkenin y\u00f6n\u00fcn\u00fc ve uluslararas\u0131 yat\u0131r\u0131mc\u0131lar\u0131n yerel topraklara sermaye yat\u0131rma konusunda ne arad\u0131\u011f\u0131n\u0131 tart\u0131\u015ft\u0131.<\/p>\n<p>Demir, iki \u00fclke aras\u0131ndaki 108 y\u0131ll\u0131k diplomatik ili\u015fkilerin alt\u0131n\u0131 \u00e7izdi ve T\u00fcrkiye&#8217;nin \u201cG\u00fcney Amerika&#8217;y\u0131 hedefledi\u011fini ve giri\u015f i\u00e7in anahtar\u0131n Brezilya ve Arjantin oldu\u011funu\u201d kabul ederek \u201c\u00f6zellikle madencilik ve enerji sekt\u00f6r\u00fcndeki\u201d \u00fclkeyi vurgulad\u0131.<\/p>\n<p>Bu arada Senestro, k\u00fcresel b\u00f6lgesel durumun \u00f6tesinde, \u201cArjantin&#8217;in ABD&#8217;deki gizli f\u0131rsatlar ve ba\u015fkanlar Javier Milei ile Donald Trump aras\u0131ndaki iyi ili\u015fki nedeniyle ikili ekonomik ili\u015fkilerde \u00e7ok \u00f6nemli bir noktada oldu\u011funu ve bunun da i\u015f d\u00fcnyas\u0131n\u0131n geli\u015fimi i\u00e7in \u00e7ok elveri\u015fli oldu\u011funu\u201d vurgulad\u0131.<\/p>\n<p>Carlocchia ise Arjantin&#8217;in \u201chala tarihi anormal bir \u00fclkenin baz\u0131 sorunlar\u0131yla bo\u011fu\u015fuyor olsa da normal bir \u00fclke olma yolunda ilerledi\u011fini\u201d ancak \u201cd\u00fcnyaya ihtiya\u00e7 duydu\u011fu mineralleri sunmak i\u00e7in b\u00fcy\u00fck bir f\u0131rsata sahip oldu\u011funu\u201d belirtti.<\/p>\n<p>Bu arada Ramiro, Asya ile b\u00f6lge aras\u0131nda genel olarak \u201cb\u00fcy\u00fck bir bilgi eksikli\u011fi\u201d oldu\u011funu kabul etti, ancak ekledi: \u201c\u00dclkenin do\u011fru yolda oldu\u011funa ve daha fazla ihracat ve ithalat\u0131 te\u015fvik etmek ve desteklemek i\u00e7in daha fazla ikili anla\u015fmay\u0131 te\u015fvik etmesi gerekti\u011fine inan\u0131yoruz\u201d.<\/p>\n<p><strong>Yat\u0131r\u0131mlar\u0131n yat\u0131r\u0131lmas\u0131 i\u00e7in uluslararas\u0131 talepler<\/strong><\/p>\n<p>Temel yabanc\u0131 yat\u0131r\u0131m taleplerine odaklanan Senestro, \u201ckaynaklar\u0131n orada oldu\u011funu ve bunun \u00e7ok elveri\u015fli oldu\u011funu\u201d kabul etmekle birlikte, spek\u00fclatif yat\u0131r\u0131mc\u0131lar, 50 y\u0131ldan uzun s\u00fcredir yat\u0131r\u0131m yapanlar ve yeniler aras\u0131nda ayr\u0131m yapt\u0131. &#8220;\u0130kincisi \u00fclke riskinden makroekonomik ve uzun vadeli kurallara kadar her \u015feye bak\u0131yor. Bu nedenle h\u00fck\u00fcmet eylemlerinde kurumsall\u0131k yaratmak \u00f6nemlidir&#8221; diye vurgulad\u0131.<\/p>\n<p>Bu do\u011frultuda, \u201cmevcut h\u00fck\u00fcmet taraf\u0131ndan yap\u0131lan de\u011fi\u015fikli\u011fin makroekonomik istikrar ve yat\u0131r\u0131m\u0131n geli\u015ftirilmesine ve ticaret ara\u00e7lar\u0131n\u0131n kolayla\u015ft\u0131r\u0131lmas\u0131na yard\u0131mc\u0131 olan RIGI gibi ara\u00e7lar\u0131n sa\u011flanmas\u0131 a\u00e7\u0131s\u0131ndan \u00e7ok \u00f6nemli oldu\u011funu\u201d de\u011ferlendirdi, ancak \u201cbu \u00f6nemli, ancak yeterli de\u011fil\u201d dedi.<\/p>\n<p>Carlocchia da benzer bir \u015fey s\u00f6yleyerek \u201cArjantin&#8217;deki madencilik yat\u0131r\u0131mlar\u0131na bakarsak, y\u00fczde 70 ila 75&#8217;inin Kanada&#8217;dan geldi\u011fini\u201d hat\u0131rlatt\u0131 ve \u015funlar\u0131 kaydetti: \u201c\u0130stedikleri \u015fey \u00f6ng\u00f6r\u00fclebilirlik ve kurallar\u0131n korunmas\u0131d\u0131r\u201d.<\/p>\n<p>Bu nedenle \u201cbunun gerekli bir ko\u015ful oldu\u011funu ancak elde ettiklerimizin yeterli olmad\u0131\u011f\u0131n\u0131\u201d belirten Ramiro, \u201cRIGI gibi bir rejimimiz var, bu bir Ferrari&#8217;ye sahip olmak gibi bir \u015fey, sorun \u015fu ki i\u00e7ine benzin koymuyoruz\u201d diyerek bahsi ikiye katlad\u0131.<\/p>\n<p>Ramiro, yabanc\u0131 yat\u0131r\u0131mc\u0131lara \u201ceyalet ve federal mevzuat\u0131 dikkate alarak \u00e7ok derin bir pazar \u00e7al\u0131\u015fmas\u0131yla ilerlemelerini tavsiye etti\u011fini, \u00e7\u00fcnk\u00fc bazen kaynaklar konusunda eyaletler aras\u0131nda baz\u0131 \u00e7eli\u015fkiler oldu\u011funu\u201d s\u00f6yledi.<\/p>\n<p>Ayn\u0131 zamanda, \u201cbug\u00fcn bahis oynayan b\u00fcy\u00fck Arjantinli gruplar oldu\u011funu ve bu de\u011fi\u015fikliklerin zaman i\u00e7inde s\u00fcrd\u00fcr\u00fclece\u011finin yabanc\u0131 yat\u0131r\u0131mc\u0131lar i\u00e7in \u00e7ok iyi bir i\u015faret oldu\u011funu\u201d belirtti, ancak \u201cEkim ay\u0131nda yapaca\u011f\u0131m\u0131z se\u00e7imler hakk\u0131nda da \u00e7ok fazla spek\u00fclasyon oldu\u011funu\u201d kabul ederken, yat\u0131r\u0131mc\u0131lar\u0131n \u201cArjantin&#8217;de \u00e7ok daha \u00f6nemli yat\u0131r\u0131mlara bahis oynamak i\u00e7in umutsuzca bir vergi ve i\u015fg\u00fcc\u00fc reformu arad\u0131klar\u0131na\u201d dikkat \u00e7ekti.<\/p>\n<p>T\u00fcrkiye&#8217;ye gelince, Demir \u015fu ana kadar \u201cb\u00fcy\u00fck bir sermaye yat\u0131r\u0131m\u0131 olmad\u0131\u011f\u0131n\u0131\u201d ancak madencilik ve enerji sekt\u00f6r\u00fcn\u00fcn \u201cT\u00fcrk yat\u0131r\u0131mc\u0131lar\u0131m\u0131z\u0131n her eyaletin kendi zenginli\u011fini y\u00f6netti\u011fini bilmesi ve tan\u0131mas\u0131, oda arac\u0131l\u0131\u011f\u0131yla g\u00fcvenmek i\u00e7in b\u00fcy\u00fck bir f\u0131rsat olu\u015fturdu\u011funu\u201d d\u00fc\u015f\u00fcnmektedir. Ve odam\u0131z\u0131n do\u011frudan ticarette oynayaca\u011f\u0131 \u00f6nemli bir rol\u00fc bulunmaktad\u0131r\u2019 diye belirtti.<\/p>\n<p><strong>Gelecek beklentileri<\/strong><\/p>\n<p>Son olarak uzmanlar, \u00fclke ile farkl\u0131 k\u00fcresel oyuncular aras\u0131ndaki ili\u015fkilerin \u00f6n\u00fcm\u00fczdeki y\u0131llarda nas\u0131l ilerleyece\u011fi konusunda \u00f6ng\u00f6r\u00fclerde bulundu. Senestro, \u201c20 y\u0131l i\u00e7inde ABD ile Arjantin aras\u0131nda, \u00f6zellikle stratejik sekt\u00f6rlerde bug\u00fcnk\u00fcnden \u00e7ok daha geli\u015fmi\u015f, \u00e7ok m\u00fcreffeh bir ili\u015fki g\u00f6r\u00fcyorum\u201d dedi.<\/p>\n<p>Carlocchia ise \u201cArjantin ve Kanada aras\u0131ndaki tarihi ili\u015fkinin g\u00fc\u00e7lenmeye devam edece\u011fini, ancak bunun bize ba\u011fl\u0131 oldu\u011funu\u201d kabul etti ve \u201csadece yat\u0131r\u0131m de\u011fil, ayn\u0131 zamanda kilit sekt\u00f6rlerde de\u011fi\u015fimin de\u201d devam edece\u011fini umdu\u011funu s\u00f6yledi. \u201c\u00c7ok say\u0131da ili\u015fki, kalk\u0131nma ekseninde daha fazla yat\u0131r\u0131m ve belki de Kanada&#8217;da Arjantin yat\u0131r\u0131m\u0131 ile m\u00fcreffeh bir gelecek g\u00f6r\u00fcyorum\u201d dedi.<\/p>\n<p>Demir ise Arjantin ve T\u00fcrkiye aras\u0131nda \u201cdaha fazla u\u00e7u\u015f\u201d olmas\u0131n\u0131 diledi ve T\u00fcrkiye&#8217;nin \u201cbir\u00e7ok kaynak aramas\u0131 gerekti\u011fini ve bu b\u00f6lgenin \u00e7ok bakir oldu\u011funu, dolay\u0131s\u0131yla bunun b\u00fcy\u00fck bir olas\u0131l\u0131k oldu\u011funu\u201d vurgulad\u0131. &#8220;\u0130ki \u00fclke aras\u0131nda ihracat ve ithalat\u0131 kolayla\u015ft\u0131racak pek \u00e7ok ikili anla\u015fma imzalanabilir. 20 y\u0131l i\u00e7inde \u00fclkede daha fazla T\u00fcrk g\u00f6r\u00fcyorum&#8221; dedi.<\/p>\n<p>Ramiro son olarak \u201cBuenos Aires ve Perth aras\u0131nda daha fazla ba\u011flant\u0131\u201d ve \u201cAsya-Pasifik gibi bug\u00fcn kilit \u00f6neme sahip bir b\u00f6lgeyle daha fazla ili\u015fki kurmak i\u00e7in daha fazla yat\u0131r\u0131m, ikili anla\u015fmalar ve akademik kurumlar aras\u0131nda ilerleme\u201d diledi.<\/p>\n<p>Kaynak: <a href=\"https:\/\/www.ambito.com\/ambito-debate\/los-inversores-internacionales-reclaman-reglas-claras-institucionalidad-y-una-serie-reformas-n6145190\">https:\/\/www.ambito.com\/ambito-debate\/los-inversores-internacionales-reclaman-reglas-claras-institucionalidad-y-una-serie-reformas-n6145190<\/a><\/p>\n","protected":false},"excerpt":{"rendered":"<p>Arjantin-T\u00fcrk Ticaret Odas\u0131, Asya Odas\u0131, AmCham ( ABD Arjantin Ticaret Odas\u0131 ) ve Arjantin-Kanada Ticaret Odas\u0131 Madencilik Komitesi, \u00c1mbito Debate&#8217;in enerji ve madencilik konulu be\u015finci paneline kat\u0131ld\u0131. Arjantin-T\u00fcrk Ticaret Odas\u0131 (CCAT) Ba\u015fkan\u0131 \u00d6zg\u00fcr Demir, Avusturalya Ticaret Odas\u0131 Direkt\u00f6r\u00fc Norma Ramiro, AmCham H\u00fck\u00fcmet \u0130\u015fleri Direkt\u00f6r\u00fc Marina&#8230;<\/p>\n","protected":false},"author":1,"featured_media":2332,"comment_status":"closed","ping_status":"closed","sticky":false,"template":"","format":"standard","meta":{"cybocfi_hide_featured_image":"","footnotes":"","_links_to":"","_links_to_target":""},"categories":[59],"tags":[],"class_list":["post-2329","post","type-post","status-publish","format-standard","has-post-thumbnail","hentry","category-haberler-tr"],"yoast_head":"<!-- This site is optimized with the Yoast SEO Premium plugin v27.3 (Yoast SEO v27.4) - https:\/\/yoast.com\/product\/yoast-seo-premium-wordpress\/ -->\n<title>Uluslararas\u0131 yat\u0131r\u0131mc\u0131lar net kurallar, kurumsal \u00e7er\u00e7eve ve bir dizi reform \u00e7a\u011fr\u0131s\u0131nda bulunuyor - C\u00e1mara de Comercio Argentino - Turca<\/title>\n<meta name=\"description\" content=\"MERCOSUR&#039;a \u0130mzac\u0131 Taraf Devletler ve Avrupa Komisyonu, iki b\u00f6lge aras\u0131nda Ortakl\u0131k Anla\u015fmas\u0131 m\u00fczakerelerinin tamamland\u0131\u011f\u0131n\u0131 duyurdu.\" \/>\n<meta name=\"robots\" content=\"index, follow, max-snippet:-1, max-image-preview:large, max-video-preview:-1\" \/>\n<link rel=\"canonical\" href=\"https:\/\/ccargtur.org\/tr\/uluslararasi-yatirimcilar-net-kurallar-kurumsal-cerceve-ve-bir-dizi-reform-cagrisinda-bulunuyor\/\" \/>\n<meta property=\"og:locale\" content=\"tr_TR\" \/>\n<meta property=\"og:type\" content=\"article\" \/>\n<meta property=\"og:title\" content=\"Uluslararas\u0131 yat\u0131r\u0131mc\u0131lar net kurallar, kurumsal \u00e7er\u00e7eve ve bir dizi reform \u00e7a\u011fr\u0131s\u0131nda bulunuyor\" \/>\n<meta property=\"og:description\" content=\"MERCOSUR&#039;a \u0130mzac\u0131 Taraf Devletler ve Avrupa Komisyonu, iki b\u00f6lge aras\u0131nda Ortakl\u0131k Anla\u015fmas\u0131 m\u00fczakerelerinin tamamland\u0131\u011f\u0131n\u0131 duyurdu.\" \/>\n<meta property=\"og:url\" content=\"https:\/\/ccargtur.org\/tr\/uluslararasi-yatirimcilar-net-kurallar-kurumsal-cerceve-ve-bir-dizi-reform-cagrisinda-bulunuyor\/\" \/>\n<meta property=\"og:site_name\" content=\"C\u00e1mara de Comercio Argentino - Turca\" \/>\n<meta property=\"article:published_time\" content=\"2025-05-16T05:02:11+00:00\" \/>\n<meta property=\"article:modified_time\" content=\"2025-07-02T00:31:09+00:00\" \/>\n<meta property=\"og:image\" content=\"https:\/\/ccargtur.org\/wp-content\/uploads\/2025\/05\/panel-5jpeg.webp\" \/>\n\t<meta property=\"og:image:width\" content=\"655\" \/>\n\t<meta property=\"og:image:height\" content=\"368\" \/>\n\t<meta property=\"og:image:type\" content=\"image\/webp\" \/>\n<meta name=\"author\" content=\"admin\" \/>\n<meta name=\"twitter:card\" content=\"summary_large_image\" \/>\n<meta name=\"twitter:label1\" content=\"Yazan:\" \/>\n\t<meta name=\"twitter:data1\" content=\"admin\" \/>\n\t<meta name=\"twitter:label2\" content=\"Tahmini okuma s\u00fcresi\" \/>\n\t<meta name=\"twitter:data2\" content=\"5 dakika\" \/>\n<script type=\"application\/ld+json\" class=\"yoast-schema-graph\">{\"@context\":\"https:\\\/\\\/schema.org\",\"@graph\":[{\"@type\":\"Article\",\"@id\":\"https:\\\/\\\/ccargtur.org\\\/tr\\\/uluslararasi-yatirimcilar-net-kurallar-kurumsal-cerceve-ve-bir-dizi-reform-cagrisinda-bulunuyor\\\/#article\",\"isPartOf\":{\"@id\":\"https:\\\/\\\/ccargtur.org\\\/tr\\\/uluslararasi-yatirimcilar-net-kurallar-kurumsal-cerceve-ve-bir-dizi-reform-cagrisinda-bulunuyor\\\/\"},\"author\":{\"name\":\"admin\",\"@id\":\"https:\\\/\\\/ccargtur.org\\\/#\\\/schema\\\/person\\\/2486ebafba9aaed451c1769146daa278\"},\"headline\":\"Uluslararas\u0131 yat\u0131r\u0131mc\u0131lar net kurallar, kurumsal \u00e7er\u00e7eve ve bir dizi reform \u00e7a\u011fr\u0131s\u0131nda bulunuyor\",\"datePublished\":\"2025-05-16T05:02:11+00:00\",\"dateModified\":\"2025-07-02T00:31:09+00:00\",\"mainEntityOfPage\":{\"@id\":\"https:\\\/\\\/ccargtur.org\\\/tr\\\/uluslararasi-yatirimcilar-net-kurallar-kurumsal-cerceve-ve-bir-dizi-reform-cagrisinda-bulunuyor\\\/\"},\"wordCount\":1062,\"publisher\":{\"@id\":\"https:\\\/\\\/ccargtur.org\\\/#organization\"},\"image\":{\"@id\":\"https:\\\/\\\/ccargtur.org\\\/tr\\\/uluslararasi-yatirimcilar-net-kurallar-kurumsal-cerceve-ve-bir-dizi-reform-cagrisinda-bulunuyor\\\/#primaryimage\"},\"thumbnailUrl\":\"https:\\\/\\\/ccargtur.org\\\/wp-content\\\/uploads\\\/2025\\\/05\\\/panel-5jpeg.webp\",\"articleSection\":[\"Haberler\"],\"inLanguage\":\"tr\"},{\"@type\":\"WebPage\",\"@id\":\"https:\\\/\\\/ccargtur.org\\\/tr\\\/uluslararasi-yatirimcilar-net-kurallar-kurumsal-cerceve-ve-bir-dizi-reform-cagrisinda-bulunuyor\\\/\",\"url\":\"https:\\\/\\\/ccargtur.org\\\/tr\\\/uluslararasi-yatirimcilar-net-kurallar-kurumsal-cerceve-ve-bir-dizi-reform-cagrisinda-bulunuyor\\\/\",\"name\":\"Uluslararas\u0131 yat\u0131r\u0131mc\u0131lar net kurallar, kurumsal \u00e7er\u00e7eve ve bir dizi reform \u00e7a\u011fr\u0131s\u0131nda bulunuyor - C\u00e1mara de Comercio Argentino - Turca\",\"isPartOf\":{\"@id\":\"https:\\\/\\\/ccargtur.org\\\/#website\"},\"primaryImageOfPage\":{\"@id\":\"https:\\\/\\\/ccargtur.org\\\/tr\\\/uluslararasi-yatirimcilar-net-kurallar-kurumsal-cerceve-ve-bir-dizi-reform-cagrisinda-bulunuyor\\\/#primaryimage\"},\"image\":{\"@id\":\"https:\\\/\\\/ccargtur.org\\\/tr\\\/uluslararasi-yatirimcilar-net-kurallar-kurumsal-cerceve-ve-bir-dizi-reform-cagrisinda-bulunuyor\\\/#primaryimage\"},\"thumbnailUrl\":\"https:\\\/\\\/ccargtur.org\\\/wp-content\\\/uploads\\\/2025\\\/05\\\/panel-5jpeg.webp\",\"datePublished\":\"2025-05-16T05:02:11+00:00\",\"dateModified\":\"2025-07-02T00:31:09+00:00\",\"description\":\"MERCOSUR'a \u0130mzac\u0131 Taraf Devletler ve Avrupa Komisyonu, iki b\u00f6lge aras\u0131nda Ortakl\u0131k Anla\u015fmas\u0131 m\u00fczakerelerinin tamamland\u0131\u011f\u0131n\u0131 duyurdu.\",\"breadcrumb\":{\"@id\":\"https:\\\/\\\/ccargtur.org\\\/tr\\\/uluslararasi-yatirimcilar-net-kurallar-kurumsal-cerceve-ve-bir-dizi-reform-cagrisinda-bulunuyor\\\/#breadcrumb\"},\"inLanguage\":\"tr\",\"potentialAction\":[{\"@type\":\"ReadAction\",\"target\":[\"https:\\\/\\\/ccargtur.org\\\/tr\\\/uluslararasi-yatirimcilar-net-kurallar-kurumsal-cerceve-ve-bir-dizi-reform-cagrisinda-bulunuyor\\\/\"]}]},{\"@type\":\"ImageObject\",\"inLanguage\":\"tr\",\"@id\":\"https:\\\/\\\/ccargtur.org\\\/tr\\\/uluslararasi-yatirimcilar-net-kurallar-kurumsal-cerceve-ve-bir-dizi-reform-cagrisinda-bulunuyor\\\/#primaryimage\",\"url\":\"https:\\\/\\\/ccargtur.org\\\/wp-content\\\/uploads\\\/2025\\\/05\\\/panel-5jpeg.webp\",\"contentUrl\":\"https:\\\/\\\/ccargtur.org\\\/wp-content\\\/uploads\\\/2025\\\/05\\\/panel-5jpeg.webp\",\"width\":655,\"height\":368},{\"@type\":\"BreadcrumbList\",\"@id\":\"https:\\\/\\\/ccargtur.org\\\/tr\\\/uluslararasi-yatirimcilar-net-kurallar-kurumsal-cerceve-ve-bir-dizi-reform-cagrisinda-bulunuyor\\\/#breadcrumb\",\"itemListElement\":[{\"@type\":\"ListItem\",\"position\":1,\"name\":\"Inicio\",\"item\":\"https:\\\/\\\/ccargtur.org\\\/tr\\\/\"},{\"@type\":\"ListItem\",\"position\":2,\"name\":\"Uluslararas\u0131 yat\u0131r\u0131mc\u0131lar net kurallar, kurumsal \u00e7er\u00e7eve ve bir dizi reform \u00e7a\u011fr\u0131s\u0131nda bulunuyor\"}]},{\"@type\":\"WebSite\",\"@id\":\"https:\\\/\\\/ccargtur.org\\\/#website\",\"url\":\"https:\\\/\\\/ccargtur.org\\\/\",\"name\":\"C\u00e1mara de Comercio Argentino - Turca\",\"description\":\"\",\"publisher\":{\"@id\":\"https:\\\/\\\/ccargtur.org\\\/#organization\"},\"potentialAction\":[{\"@type\":\"SearchAction\",\"target\":{\"@type\":\"EntryPoint\",\"urlTemplate\":\"https:\\\/\\\/ccargtur.org\\\/?s={search_term_string}\"},\"query-input\":{\"@type\":\"PropertyValueSpecification\",\"valueRequired\":true,\"valueName\":\"search_term_string\"}}],\"inLanguage\":\"tr\"},{\"@type\":\"Organization\",\"@id\":\"https:\\\/\\\/ccargtur.org\\\/#organization\",\"name\":\"C\u00e1mara de Comercio Argentino - Turca\",\"url\":\"https:\\\/\\\/ccargtur.org\\\/\",\"logo\":{\"@type\":\"ImageObject\",\"inLanguage\":\"tr\",\"@id\":\"https:\\\/\\\/ccargtur.org\\\/#\\\/schema\\\/logo\\\/image\\\/\",\"url\":\"https:\\\/\\\/i0.wp.com\\\/ccargtur.org\\\/wp-content\\\/uploads\\\/2021\\\/11\\\/LOGO-CCARGTUR.webp?fit=2150%2C856&ssl=1\",\"contentUrl\":\"https:\\\/\\\/i0.wp.com\\\/ccargtur.org\\\/wp-content\\\/uploads\\\/2021\\\/11\\\/LOGO-CCARGTUR.webp?fit=2150%2C856&ssl=1\",\"width\":2150,\"height\":856,\"caption\":\"C\u00e1mara de Comercio Argentino - Turca\"},\"image\":{\"@id\":\"https:\\\/\\\/ccargtur.org\\\/#\\\/schema\\\/logo\\\/image\\\/\"}},{\"@type\":\"Person\",\"@id\":\"https:\\\/\\\/ccargtur.org\\\/#\\\/schema\\\/person\\\/2486ebafba9aaed451c1769146daa278\",\"name\":\"admin\",\"image\":{\"@type\":\"ImageObject\",\"inLanguage\":\"tr\",\"@id\":\"https:\\\/\\\/secure.gravatar.com\\\/avatar\\\/5da426a260eac4df1fc6d83758396598bf4a41092513f3c64deb7d9f1ff07f7c?s=96&d=mm&r=g\",\"url\":\"https:\\\/\\\/secure.gravatar.com\\\/avatar\\\/5da426a260eac4df1fc6d83758396598bf4a41092513f3c64deb7d9f1ff07f7c?s=96&d=mm&r=g\",\"contentUrl\":\"https:\\\/\\\/secure.gravatar.com\\\/avatar\\\/5da426a260eac4df1fc6d83758396598bf4a41092513f3c64deb7d9f1ff07f7c?s=96&d=mm&r=g\",\"caption\":\"admin\"},\"sameAs\":[\"https:\\\/\\\/ccargtur.org\"],\"url\":\"https:\\\/\\\/ccargtur.org\\\/tr\\\/author\\\/leogiroldi\\\/\"}]}<\/script>\n<!-- \/ Yoast SEO Premium plugin. -->","yoast_head_json":{"title":"Uluslararas\u0131 yat\u0131r\u0131mc\u0131lar net kurallar, kurumsal \u00e7er\u00e7eve ve bir dizi reform \u00e7a\u011fr\u0131s\u0131nda bulunuyor - C\u00e1mara de Comercio Argentino - Turca","description":"MERCOSUR'a \u0130mzac\u0131 Taraf Devletler ve Avrupa Komisyonu, iki b\u00f6lge aras\u0131nda Ortakl\u0131k Anla\u015fmas\u0131 m\u00fczakerelerinin tamamland\u0131\u011f\u0131n\u0131 duyurdu.","robots":{"index":"index","follow":"follow","max-snippet":"max-snippet:-1","max-image-preview":"max-image-preview:large","max-video-preview":"max-video-preview:-1"},"canonical":"https:\/\/ccargtur.org\/tr\/uluslararasi-yatirimcilar-net-kurallar-kurumsal-cerceve-ve-bir-dizi-reform-cagrisinda-bulunuyor\/","og_locale":"tr_TR","og_type":"article","og_title":"Uluslararas\u0131 yat\u0131r\u0131mc\u0131lar net kurallar, kurumsal \u00e7er\u00e7eve ve bir dizi reform \u00e7a\u011fr\u0131s\u0131nda bulunuyor","og_description":"MERCOSUR'a \u0130mzac\u0131 Taraf Devletler ve Avrupa Komisyonu, iki b\u00f6lge aras\u0131nda Ortakl\u0131k Anla\u015fmas\u0131 m\u00fczakerelerinin tamamland\u0131\u011f\u0131n\u0131 duyurdu.","og_url":"https:\/\/ccargtur.org\/tr\/uluslararasi-yatirimcilar-net-kurallar-kurumsal-cerceve-ve-bir-dizi-reform-cagrisinda-bulunuyor\/","og_site_name":"C\u00e1mara de Comercio Argentino - Turca","article_published_time":"2025-05-16T05:02:11+00:00","article_modified_time":"2025-07-02T00:31:09+00:00","og_image":[{"width":655,"height":368,"url":"https:\/\/ccargtur.org\/wp-content\/uploads\/2025\/05\/panel-5jpeg.webp","type":"image\/webp"}],"author":"admin","twitter_card":"summary_large_image","twitter_misc":{"Yazan:":"admin","Tahmini okuma s\u00fcresi":"5 dakika"},"schema":{"@context":"https:\/\/schema.org","@graph":[{"@type":"Article","@id":"https:\/\/ccargtur.org\/tr\/uluslararasi-yatirimcilar-net-kurallar-kurumsal-cerceve-ve-bir-dizi-reform-cagrisinda-bulunuyor\/#article","isPartOf":{"@id":"https:\/\/ccargtur.org\/tr\/uluslararasi-yatirimcilar-net-kurallar-kurumsal-cerceve-ve-bir-dizi-reform-cagrisinda-bulunuyor\/"},"author":{"name":"admin","@id":"https:\/\/ccargtur.org\/#\/schema\/person\/2486ebafba9aaed451c1769146daa278"},"headline":"Uluslararas\u0131 yat\u0131r\u0131mc\u0131lar net kurallar, kurumsal \u00e7er\u00e7eve ve bir dizi reform \u00e7a\u011fr\u0131s\u0131nda bulunuyor","datePublished":"2025-05-16T05:02:11+00:00","dateModified":"2025-07-02T00:31:09+00:00","mainEntityOfPage":{"@id":"https:\/\/ccargtur.org\/tr\/uluslararasi-yatirimcilar-net-kurallar-kurumsal-cerceve-ve-bir-dizi-reform-cagrisinda-bulunuyor\/"},"wordCount":1062,"publisher":{"@id":"https:\/\/ccargtur.org\/#organization"},"image":{"@id":"https:\/\/ccargtur.org\/tr\/uluslararasi-yatirimcilar-net-kurallar-kurumsal-cerceve-ve-bir-dizi-reform-cagrisinda-bulunuyor\/#primaryimage"},"thumbnailUrl":"https:\/\/ccargtur.org\/wp-content\/uploads\/2025\/05\/panel-5jpeg.webp","articleSection":["Haberler"],"inLanguage":"tr"},{"@type":"WebPage","@id":"https:\/\/ccargtur.org\/tr\/uluslararasi-yatirimcilar-net-kurallar-kurumsal-cerceve-ve-bir-dizi-reform-cagrisinda-bulunuyor\/","url":"https:\/\/ccargtur.org\/tr\/uluslararasi-yatirimcilar-net-kurallar-kurumsal-cerceve-ve-bir-dizi-reform-cagrisinda-bulunuyor\/","name":"Uluslararas\u0131 yat\u0131r\u0131mc\u0131lar net kurallar, kurumsal \u00e7er\u00e7eve ve bir dizi reform \u00e7a\u011fr\u0131s\u0131nda bulunuyor - C\u00e1mara de Comercio Argentino - Turca","isPartOf":{"@id":"https:\/\/ccargtur.org\/#website"},"primaryImageOfPage":{"@id":"https:\/\/ccargtur.org\/tr\/uluslararasi-yatirimcilar-net-kurallar-kurumsal-cerceve-ve-bir-dizi-reform-cagrisinda-bulunuyor\/#primaryimage"},"image":{"@id":"https:\/\/ccargtur.org\/tr\/uluslararasi-yatirimcilar-net-kurallar-kurumsal-cerceve-ve-bir-dizi-reform-cagrisinda-bulunuyor\/#primaryimage"},"thumbnailUrl":"https:\/\/ccargtur.org\/wp-content\/uploads\/2025\/05\/panel-5jpeg.webp","datePublished":"2025-05-16T05:02:11+00:00","dateModified":"2025-07-02T00:31:09+00:00","description":"MERCOSUR'a \u0130mzac\u0131 Taraf Devletler ve Avrupa Komisyonu, iki b\u00f6lge aras\u0131nda Ortakl\u0131k Anla\u015fmas\u0131 m\u00fczakerelerinin tamamland\u0131\u011f\u0131n\u0131 duyurdu.","breadcrumb":{"@id":"https:\/\/ccargtur.org\/tr\/uluslararasi-yatirimcilar-net-kurallar-kurumsal-cerceve-ve-bir-dizi-reform-cagrisinda-bulunuyor\/#breadcrumb"},"inLanguage":"tr","potentialAction":[{"@type":"ReadAction","target":["https:\/\/ccargtur.org\/tr\/uluslararasi-yatirimcilar-net-kurallar-kurumsal-cerceve-ve-bir-dizi-reform-cagrisinda-bulunuyor\/"]}]},{"@type":"ImageObject","inLanguage":"tr","@id":"https:\/\/ccargtur.org\/tr\/uluslararasi-yatirimcilar-net-kurallar-kurumsal-cerceve-ve-bir-dizi-reform-cagrisinda-bulunuyor\/#primaryimage","url":"https:\/\/ccargtur.org\/wp-content\/uploads\/2025\/05\/panel-5jpeg.webp","contentUrl":"https:\/\/ccargtur.org\/wp-content\/uploads\/2025\/05\/panel-5jpeg.webp","width":655,"height":368},{"@type":"BreadcrumbList","@id":"https:\/\/ccargtur.org\/tr\/uluslararasi-yatirimcilar-net-kurallar-kurumsal-cerceve-ve-bir-dizi-reform-cagrisinda-bulunuyor\/#breadcrumb","itemListElement":[{"@type":"ListItem","position":1,"name":"Inicio","item":"https:\/\/ccargtur.org\/tr\/"},{"@type":"ListItem","position":2,"name":"Uluslararas\u0131 yat\u0131r\u0131mc\u0131lar net kurallar, kurumsal \u00e7er\u00e7eve ve bir dizi reform \u00e7a\u011fr\u0131s\u0131nda bulunuyor"}]},{"@type":"WebSite","@id":"https:\/\/ccargtur.org\/#website","url":"https:\/\/ccargtur.org\/","name":"C\u00e1mara de Comercio Argentino - Turca","description":"","publisher":{"@id":"https:\/\/ccargtur.org\/#organization"},"potentialAction":[{"@type":"SearchAction","target":{"@type":"EntryPoint","urlTemplate":"https:\/\/ccargtur.org\/?s={search_term_string}"},"query-input":{"@type":"PropertyValueSpecification","valueRequired":true,"valueName":"search_term_string"}}],"inLanguage":"tr"},{"@type":"Organization","@id":"https:\/\/ccargtur.org\/#organization","name":"C\u00e1mara de Comercio Argentino - Turca","url":"https:\/\/ccargtur.org\/","logo":{"@type":"ImageObject","inLanguage":"tr","@id":"https:\/\/ccargtur.org\/#\/schema\/logo\/image\/","url":"https:\/\/i0.wp.com\/ccargtur.org\/wp-content\/uploads\/2021\/11\/LOGO-CCARGTUR.webp?fit=2150%2C856&ssl=1","contentUrl":"https:\/\/i0.wp.com\/ccargtur.org\/wp-content\/uploads\/2021\/11\/LOGO-CCARGTUR.webp?fit=2150%2C856&ssl=1","width":2150,"height":856,"caption":"C\u00e1mara de Comercio Argentino - Turca"},"image":{"@id":"https:\/\/ccargtur.org\/#\/schema\/logo\/image\/"}},{"@type":"Person","@id":"https:\/\/ccargtur.org\/#\/schema\/person\/2486ebafba9aaed451c1769146daa278","name":"admin","image":{"@type":"ImageObject","inLanguage":"tr","@id":"https:\/\/secure.gravatar.com\/avatar\/5da426a260eac4df1fc6d83758396598bf4a41092513f3c64deb7d9f1ff07f7c?s=96&d=mm&r=g","url":"https:\/\/secure.gravatar.com\/avatar\/5da426a260eac4df1fc6d83758396598bf4a41092513f3c64deb7d9f1ff07f7c?s=96&d=mm&r=g","contentUrl":"https:\/\/secure.gravatar.com\/avatar\/5da426a260eac4df1fc6d83758396598bf4a41092513f3c64deb7d9f1ff07f7c?s=96&d=mm&r=g","caption":"admin"},"sameAs":["https:\/\/ccargtur.org"],"url":"https:\/\/ccargtur.org\/tr\/author\/leogiroldi\/"}]}},"_links":{"self":[{"href":"https:\/\/ccargtur.org\/tr\/wp-json\/wp\/v2\/posts\/2329","targetHints":{"allow":["GET"]}}],"collection":[{"href":"https:\/\/ccargtur.org\/tr\/wp-json\/wp\/v2\/posts"}],"about":[{"href":"https:\/\/ccargtur.org\/tr\/wp-json\/wp\/v2\/types\/post"}],"author":[{"embeddable":true,"href":"https:\/\/ccargtur.org\/tr\/wp-json\/wp\/v2\/users\/1"}],"replies":[{"embeddable":true,"href":"https:\/\/ccargtur.org\/tr\/wp-json\/wp\/v2\/comments?post=2329"}],"version-history":[{"count":0,"href":"https:\/\/ccargtur.org\/tr\/wp-json\/wp\/v2\/posts\/2329\/revisions"}],"wp:featuredmedia":[{"embeddable":true,"href":"https:\/\/ccargtur.org\/tr\/wp-json\/wp\/v2\/media\/2332"}],"wp:attachment":[{"href":"https:\/\/ccargtur.org\/tr\/wp-json\/wp\/v2\/media?parent=2329"}],"wp:term":[{"taxonomy":"category","embeddable":true,"href":"https:\/\/ccargtur.org\/tr\/wp-json\/wp\/v2\/categories?post=2329"},{"taxonomy":"post_tag","embeddable":true,"href":"https:\/\/ccargtur.org\/tr\/wp-json\/wp\/v2\/tags?post=2329"}],"curies":[{"name":"wp","href":"https:\/\/api.w.org\/{rel}","templated":true}]}}