{"id":1544,"date":"2022-06-22T19:21:11","date_gmt":"2022-06-22T22:21:11","guid":{"rendered":"https:\/\/ccargtur.org\/?p=1544"},"modified":"2022-06-22T19:21:11","modified_gmt":"2022-06-22T22:21:11","slug":"arjantinde-gelisen-firsatlar","status":"publish","type":"post","link":"https:\/\/ccargtur.org\/tr\/arjantinde-gelisen-firsatlar\/","title":{"rendered":"Arjantin&#8217;de Geli\u015fen F\u0131rsatlar"},"content":{"rendered":"<div class=\"page\" title=\"Page 1\">\n<div class=\"section\">\n<div class=\"layoutArea\">\n<div class=\"column\">\n<p>Ziyaretc\u0327ilerine du\u0308nyan\u0131n bu\u0308tu\u0308n gu\u0308zelliklerinden bir parc\u0327a sunan Buenos Aires s\u0327ehrinde, bir pazar gu\u0308nu\u0308 o\u0308g\u0306le saatleri s\u0327ehrin ku\u0308ltu\u0308rel olarak zengin ve mimari ac\u0327\u0131dan es\u0327siz olan bo\u0308lgesi San Telmo\u2019da kurulan geleneksel sokak pazar\u0131yla bas\u0327lar. Kurulan bu pazar, yaln\u0131zca bir al\u0131s\u0327veris\u0327 ortam\u0131 deg\u0306il; ikiyu\u0308z ellinin u\u0308stu\u0308nde zanaatkar\u0131n\u0131n zengilles\u0327tirdig\u0306i ve 1970 y\u0131l\u0131ndan bugu\u0308ne uzanan c\u0327ok ku\u0308ltu\u0308rlu\u0308 bir sokak eg\u0306lencesi vadeder. Pazar\u0131n kuruldug\u0306u caddeler boyunca Arjantin\u2019e ait o\u0308zel mimari yap\u0131lar, ziyaretc\u0327ileri ic\u0327in adeta go\u0308rsel bir s\u0327o\u0308len olus\u0327turur. S\u0327ehir gu\u0308zelliklerini, 1860\u2019dan bas\u0327lay\u0131p 1930\u2019lara kadar su\u0308ren ve Italya ile Ispanya bas\u0327ta olmak u\u0308zere Avrupa\u2019dan gelen go\u0308c\u0327melere yuva olmas\u0131na borc\u0327ludur. Sahip oldug\u0306u bu go\u0308c\u0327 tarihi sayesinde Latin ku\u0308ltu\u0308ru\u0308nu\u0308n s\u0131cakkanl\u0131l\u0131g\u0306\u0131, Avrupa\u2019n\u0131n sanatsal ve entelektu\u0308el disipliniyle ic\u0327 ic\u0327e girer. Bu\u0308tu\u0308n bir pazar rotas\u0131n\u0131 kapsayan bu ac\u0327\u0131k hava mu\u0308zesinde, bir yandan Casa Mi\u0301nima ad\u0131 verilen 2,2 metrelik genis\u0327lig\u0306inin ve 13 metrelik derinlig\u0306inin getirdig\u0306i ku\u0308c\u0327u\u0308klu\u0308g\u0306u\u0308 ile mes\u0327hur sempatik bir ev; dig\u0306er yandan ise yap\u0131m\u0131na 1751\u2019de bas\u0327lanan oldukc\u0327a go\u0308rkemli Nuestra Sen\u0303ora del Rosario Bazilikas\u0131 ziyaret edilebilir. Bu bazilikada ayr\u0131ca Italyan heykeltras\u0327 Ettore Ximenes\u2019in eseri General Manuel Belgrano\u2019nun mozolesi de bulunmaktad\u0131r. Yol u\u0308zerinde 1895 y\u0131l\u0131nda ins\u0327a edilmis\u0327 Estrella Eczanesi de go\u0308ru\u0308lebilir. Kendine has mimari yap\u0131s\u0131 bir yana, do\u0308nemin ilac\u0327 yap\u0131m\u0131nda kullan\u0131lan tarihi alet-edevatlar\u0131 da bu eczanede sergilenmektedir. Pazar\u0131n uzand\u0131g\u0306\u0131 caddeler boyunca yap\u0131lan gezinti, u\u0308nlu\u0308 Italyan mimar Juan Antonio Buschiazzo imzas\u0131 tas\u0327\u0131yan 1897 tarihli San Telmo C\u0327ars\u0327\u0131s\u0131 ic\u0327erisinde empanada, locro gibi ulusal tatlar\u0131n <span style=\"font-family: -apple-system, BlinkMacSystemFont, 'Segoe UI', Roboto, Oxygen-Sans, Ubuntu, Cantarell, 'Helvetica Neue', sans-serif;\">denendig\u0306i keyifli bir yemek molas\u0131yla sonland\u0131r\u0131labilir ya da La Boca semtine uzanan daha genis\u0327 bir rota takip edilebilir. Oldukc\u0327a renkli ve u\u0308lke ic\u0327in sembolik o\u0308neme sahip bu semtte, Arjantin futbolunun mabetlerinden en o\u0308nemlisi bulunacakt\u0131r. Ard\u0131ndan benzersiz bir tango go\u0308sterisi es\u0327lig\u0306inde keyifli bir aks\u0327am yemeg\u0306i yenebilir.<\/span><\/p>\n<\/div>\n<\/div>\n<\/div>\n<\/div>\n<div class=\"page\" title=\"Page 2\">\n<div class=\"section\">\n<div class=\"layoutArea\">\n<div class=\"column\">\n<p><img loading=\"lazy\" decoding=\"async\" class=\"aligncenter wp-image-1554 size-full\" src=\"https:\/\/ccargtur.org\/wp-content\/uploads\/2022\/06\/ccargtur-arjantin-firsatlar-2-1.png\" alt=\"\" width=\"860\" height=\"641\" srcset=\"https:\/\/ccargtur.org\/wp-content\/uploads\/2022\/06\/ccargtur-arjantin-firsatlar-2-1.png 860w, https:\/\/ccargtur.org\/wp-content\/uploads\/2022\/06\/ccargtur-arjantin-firsatlar-2-1-300x224.png 300w, https:\/\/ccargtur.org\/wp-content\/uploads\/2022\/06\/ccargtur-arjantin-firsatlar-2-1-768x572.png 768w\" sizes=\"auto, (max-width: 860px) 100vw, 860px\" \/><\/p>\n<p>Gelenekselles\u0327mis\u0327 bu pazar turunun ritmi, Palermo\u2019da gec\u0327en mu\u0308zik ve dans ile dolup tas\u0327an cumartesi gecelerinin yorgunlug\u0306una adeta s\u0327ifa; gelecek olan haftan\u0131n ilk is\u0327 gu\u0308nu\u0308ne ise adeta motivasyon kaynag\u0306\u0131 nitelig\u0306indedir. Keza pazartesi gu\u0308nleri, Buenos Aires s\u0327ehri ic\u0327in h\u0131zl\u0131 ve verimli bas\u0327lar. Retiro bo\u0308lgesinde yog\u0306unlas\u0327an s\u0327ehrin giris\u0327imci kalbi ve Puerto Madero bo\u0308lgesinde yog\u0306unlas\u0327an s\u0327ehrin finans merkezi bu\u0308tu\u0308n dinamizmiyle yeni haftan\u0131n gelis\u0327melerini takip etmeye haz\u0131rd\u0131r. Bir yandan s\u0327ehir, Latin Amerika\u2019y\u0131 bas\u0327ta Avrupa olmak u\u0308zere yerku\u0308renin do\u0308rt bir yan\u0131yla bag\u0306layan yap\u0131s\u0131; dig\u0306er yandan da k\u0131ta icin vazgec\u0327ilmez bir merkez olmas\u0131 dolay\u0131s\u0131yla bo\u0308ylesi yu\u0308ksek bir tempoya al\u0131s\u0327k\u0131nd\u0131r. 2018 y\u0131l\u0131nda bas\u0327kanl\u0131g\u0306\u0131n\u0131 da yapt\u0131g\u0306\u0131 G20\u2019nin o\u0308nemli bir u\u0308yesi olmas\u0131n\u0131n yan\u0131s\u0131ra bu durumun arkas\u0131nda yatan bir dizi neden daha mevcuttur. Eg\u0306itim durumu, Gayrisafi Yurtic\u0327i Has\u0131la gibi indikato\u0308rler dikkata al\u0131narak hesaplanan I\u0307nsani Gelis\u0327mis\u0327lik Endeksine go\u0308re Arjantin, du\u0308nya genelinde yu\u0308ksek deg\u0306er tas\u0327\u0131yan u\u0308lkelerden biri ve k\u0131tan\u0131n da o\u0308rnek go\u0308sterilen u\u0308lkesidir. Bu durum <span style=\"font-family: -apple-system, BlinkMacSystemFont, 'Segoe UI', Roboto, Oxygen-Sans, Ubuntu, Cantarell, 'Helvetica Neue', sans-serif;\">hem u\u0308lkenin eg\u0306itimli insan kaynag\u0306\u0131 hem de u\u0308retim ac\u0327\u0131s\u0131ndan verimli yap\u0131s\u0131na is\u0327aret eden etmenlerden biri olarak yorumlanabilir. U\u0308stelik 490 milyar dolarl\u0131k Gayrisafi Yurtic\u0327i Has\u0131las\u0131 ile Latin Amerika\u2019n\u0131n en bu\u0308yu\u0308k ekonomilerinden biri ve 2.8 milyon metrekarelik yu\u0308ksek varyantl\u0131 dog\u0306al kaynaklara sahip topraklar\u0131yla du\u0308nyan\u0131n say\u0131l\u0131 u\u0308lkelerindendir. O\u0308zellikle lityum ve gaz rezervelerinin o\u0308ne c\u0327\u0131kt\u0131g\u0306\u0131 bu topraklar, ayn\u0131 zamanda Birles\u0327mis\u0327 Milletler G\u0131da ve Tar\u0131m O\u0308rgu\u0308tu\u0308\u2019nu\u0308n yu\u0308ksek risk olarak is\u0327aret ettig\u0306i ve gu\u0308nu\u0308mu\u0308zde fiyat art\u0131s\u0327lar\u0131yla kendini go\u0308stermeye bas\u0327layan tar\u0131m krizi du\u0308s\u0327u\u0308nu\u0308ldu\u0308g\u0306u\u0308nde tar\u0131m ic\u0327in elveris\u0327li bakir yap\u0131s\u0131 ve yenilebilir enerjiye uyumlanabilirlig\u0306i ile de dikkat c\u0327eker. Sahip oldug\u0306u bu es\u0327siz avantajlar, Du\u0308nya Bankas\u0131\u2019n\u0131n yo\u0308nlendirmelerine go\u0308re 2025 y\u0131l\u0131nda tamam\u0131yla dengeye ulas\u0327m\u0131s\u0327 olacak mali konsolidasyonun is\u0327aret ettig\u0306i yog\u0306un toparlanma su\u0308reci ile deg\u0306er kazanmaya devam etmektedir.<\/span><\/p>\n<\/div>\n<\/div>\n<\/div>\n<\/div>\n<div class=\"page\" title=\"Page 3\">\n<div class=\"section\">\n<div class=\"layoutArea\">\n<div class=\"column\">\n<p>Hem u\u0308retim ic\u0327in gerekli kaynaklar\u0131n halihaz\u0131rda var olmas\u0131 hem de rekabetc\u0327i kurunun yaratm\u0131s\u0327 oldug\u0306u du\u0308s\u0327u\u0308k hammadde ve u\u0308retim maliyetleri, u\u0308lkenin gelis\u0327mis\u0327 demokrasi ku\u0308ltu\u0308ru\u0308nu\u0308n getirmis\u0327 oldug\u0306u stabil siyasi-kurumsal yap\u0131 ile birles\u0327tig\u0306inde yat\u0131r\u0131mc\u0131lar ic\u0327in hem bugu\u0308nu\u0308 hem de geleceg\u0306i ka\u0302rl\u0131 bir atmosfer sunmaktad\u0131r. Sahip oldug\u0306u bu siyasi-kurumsal olgunluk du\u0308zeyinde u\u0308lkenin bas\u0131n o\u0308zgu\u0308rlu\u0308g\u0306u\u0308 seviyesi, halk\u0131n haber alma o\u0308zgu\u0308rlu\u0308g\u0306u\u0308ne duyulan sayg\u0131 ve bu sayede idari kurumlar\u0131n, sivil toplum taraf\u0131ndan du\u0308zenli markaj alt\u0131na al\u0131nmas\u0131 bu\u0308yu\u0308k rol oynamaktad\u0131r. Ku\u0308resel Bas\u0131n O\u0308zgu\u0308rlu\u0308g\u0306u\u0308 I\u0307ndeksine go\u0308re Arjantin, Latin Amerika u\u0308lkeleri ic\u0327inde en yu\u0308ksek puana sahip u\u0308lkedir. Du\u0308nya genelinde ise Hollanda\u2019n\u0131n hemen alt\u0131nda yer alan s\u0131ralamas\u0131yla 180 u\u0308lke aras\u0131nda 29. s\u0131rada bulunmay\u0131 bas\u0327arm\u0131s\u0327t\u0131r. Dolay\u0131s\u0131yla u\u0308lke sahip oldug\u0306u ka\u0302rl\u0131 atmosferi destekleyen hukuksal zemini gu\u0308c\u0327lu\u0308, demokratik ve o\u0308zgu\u0308rlu\u0308kc\u0327u\u0308 bir kurumsal yap\u0131ya sahiptir ve bu yap\u0131, u\u0308lkenin ihtiyac\u0327lar\u0131na go\u0308re altyap\u0131 hizmetlerini yo\u0308nlendirerek belli bas\u0327l\u0131 sekto\u0308rlerin yat\u0131r\u0131mc\u0131lar aras\u0131nda o\u0308ne c\u0327\u0131kmas\u0131n\u0131 sag\u0306lar.<\/p>\n<p><strong>I\u0307c\u0327 piyasaya yo\u0308nelik o\u0308ne c\u0327\u0131kan sekto\u0308rler<\/strong><\/p>\n<p><strong>MERCOSUR\u2019a ac\u0327\u0131lan kap\u0131:<\/strong> So\u0308z konusu Arjantin olunca ic\u0327 piyasadan anlas\u0327\u0131lmas\u0131 gereken yaln\u0131zca k\u0131tan\u0131n al\u0131m gu\u0308cu\u0308 en yu\u0308ksek olan u\u0308lkesi deg\u0306il; ayn\u0131 zamanda kurucu u\u0308lkelerinden oldug\u0306u MERCOSUR arac\u0131l\u0131g\u0306\u0131yla k\u0131tan\u0131n bo\u0308lgesel pazar\u0131na ac\u0327\u0131lan bir ko\u0308pru\u0308den bahsetmek gerekir. K\u0131ta ic\u0327i serbest ticaret anlas\u0327mas\u0131 olan MERCOSOR, %0 gu\u0308mru\u0308k vergisi ile ticaret yapmay\u0131 olanakl\u0131 k\u0131lar. Arjantin bo\u0308lge ic\u0327i ticaretin ana motoru haline gelmis\u0327 ve Bolivya, S\u0327ili, Kolombiya, Peru gibi u\u0308lkelerle ticaret ag\u0306lar\u0131n\u0131 genis\u0327leterek MERCOSUR ic\u0327i ithalattaki art\u0131s\u0327\u0131n %64\u2019u\u0308nu\u0308 gerc\u0327ekles\u0327tirmeyi bas\u0327arm\u0131s\u0327t\u0131r.<\/p>\n<p><strong>Bu\u0308yu\u0308yen ins\u0327aat sekto\u0308ru\u0308nu\u0308n ihtiyac\u0327lar\u0131n yaratt\u0131g\u0306\u0131 f\u0131rsatlar:<\/strong> Pandeminin etkisinde ku\u0308resel olarak durgun gec\u0327en iki y\u0131la rag\u0306men 2021 y\u0131l\u0131n\u0131n Mart ay\u0131ndan 2022 y\u0131l\u0131 Mart ay\u0131na kadar,<\/p>\n<\/div>\n<\/div>\n<\/div>\n<\/div>\n<div class=\"page\" title=\"Page 4\">\n<div class=\"section\">\n<div class=\"layoutArea\">\n<div class=\"column\">\n<p>Arjantin konut sekto\u0308ru\u0308 %25,6 oran\u0131yla bu\u0308yu\u0308me go\u0308stermeyi bas\u0327arm\u0131s\u0327t\u0131r. Ulkenin bu\u0308yu\u0308k s\u0327ehirlerininde art\u0131s\u0327 go\u0308steren konut talebi, o\u0308zellikle Buenos Aires s\u0327ehrinde konut krizi halini alm\u0131s\u0327t\u0131r ve bu durum da konut sekto\u0308ru\u0308nu\u0308n h\u0131zla bu\u0308yu\u0308mesine yol ac\u0327maktad\u0131r. Hanelere yo\u0308nelik konutlar\u0131n yan\u0131s\u0131ra ins\u0327aat sekto\u0308ru\u0308 ic\u0327in bir dig\u0306er olumlu gelis\u0327me, devlet taraf\u0131ndan fonlanan harcamalarda bu\u0308tc\u0327e art\u0131s\u0327lar\u0131 ve yeni yat\u0131r\u0131m kanallar\u0131n\u0131n hayata gec\u0327irilmesidir. Bu durumda ins\u0327aat sekto\u0308ru\u0308nde hammadde ve girdilere duyulan ihtiyac\u0131n da art\u0131s\u0327 go\u0308sterdig\u0306ini so\u0308ylemek mu\u0308mku\u0308ndu\u0308r. Altyap\u0131ya yo\u0308nelik kamu yat\u0131r\u0131mlar\u0131n\u0131n artmas\u0131yla birlikte bu\u0308yu\u0308me go\u0308steren ag\u0306\u0131r makine ve bu makinelerine yo\u0308nelik yedek parc\u0327alar\u0131n ithalat\u0131n\u0131n yan\u0131s\u0131ra, u\u0308lkede Portland c\u0327imentodan aluminyum profillere uzanan pek c\u0327ok malzemeye talep vard\u0131r. Mevcut ithalat\u0131n %60\u2019\u0131n\u0131 C\u0327in&#8217;den, %25\u2019ini Brezilya\u2019dan ve %15\u2019ini Amerika Birles\u0327ik Devletleri\u2019nden gerc\u0327ekles\u0327tig\u0306i u\u0308lkede, yat\u0131r\u0131mc\u0131 ve u\u0308ru\u0308n c\u0327es\u0327itlilig\u0306ine duyulan ihtiyac\u0327 yu\u0308ksektir ve bu genc\u0327 ins\u0327aat sekto\u0308ru\u0308, yeni yat\u0131r\u0131mlar ic\u0327in yu\u0308ksek ka\u0302rl\u0131l\u0131k oranlar\u0131 vadeder.<\/p>\n<p><strong>Ev aletlerine yo\u0308nelik yu\u0308kselen talep:<\/strong> 2021 y\u0131l\u0131nda gerc\u0327ekles\u0327tirmis\u0327 oldug\u0306u 83.3 milyon dolarl\u0131k net ka\u0302r\u0131 ile u\u0308lkenin online sat\u0131s\u0327 devi olan Mercado Libre sitesinin verilerine go\u0308re son y\u0131llar\u0131n sat\u0131s\u0327lar\u0131n\u0131 ku\u0308c\u0327u\u0308k ev aletleri kategorisindeki u\u0308ru\u0308nler domine etmektedir. Bas\u0327ta mikrodalga ve elektrikli f\u0131r\u0131nlar, bulas\u0327\u0131k ve c\u0327amas\u0327\u0131r makineleri, robot elektrik su\u0308pu\u0308rgeleri ile buzdolaplar\u0131na yo\u0308nelik olmak u\u0308zere dayan\u0131kl\u0131 tu\u0308ketim mallar\u0131na yu\u0308ksek talep mevcuttur.<\/p>\n<p><strong>Ku\u0308resel piyasalara yo\u0308nelik Arjantin\u2019in sundug\u0306u u\u0308ru\u0308n skalas\u0131<\/strong><\/p>\n<p><strong>Rekabetc\u0327i tar\u0131msal u\u0308ru\u0308n fiyatlar\u0131:<\/strong> Arjantin sahip dog\u0306al kaynaklar ve toprak bu\u0308yu\u0308klu\u0308g\u0306u\u0308 du\u0308s\u0327u\u0308nu\u0308ldu\u0308g\u0306u\u0308nde du\u0308nyan\u0131n tar\u0131m ambar\u0131 olabilecek potansiyele sahiptir. Bu avantajlar u\u0308lkenin pek c\u0327ok tar\u0131msal u\u0308ru\u0308n ic\u0327in fiyat baz\u0131nda rekabetc\u0327i u\u0308stu\u0308nlu\u0308g\u0306u\u0308 elinde tutmas\u0131n\u0131 sag\u0306lar. O\u0308rneg\u0306in du\u0308zenli art\u0131s\u0327 go\u0308stererek 2022 senesinde 6.400.000 hektarl\u0131k alanda ekime ulas\u0327an bug\u0306dayda 22.1 milyon tonluk u\u0308retim elde edecek olan u\u0308lke, ton bas\u0327\u0131na teklif ettig\u0306i 210 dolar ile bug\u0306dayda en ucuz u\u0308lkedir. Halbuki ku\u0308resel piyasalardaki ortalama fiyatland\u0131rma 2022 y\u0131l\u0131n\u0131n May\u0131s ay\u0131 itibariyle 650.7 dolar deg\u0306erindedir. Pek c\u0327ok tar\u0131msal u\u0308ru\u0308nde benzer avantajlara sahip olan u\u0308lke bu sayede soya unu, soya yag\u0306\u0131, is\u0327lenmis\u0327 yer f\u0131st\u0131g\u0306\u0131 ve yer f\u0131st\u0131g\u0306\u0131 yag\u0306\u0131nda du\u0308nyan\u0131n en bu\u0308yu\u0308k ihracatc\u0327\u0131s\u0131 olmay\u0131 bas\u0327arm\u0131s\u0327t\u0131r. Benzer s\u0327ekilde ithalat kalemlerinde m\u0131s\u0131r ve ay c\u0327iceg\u0306i yag\u0306lar\u0131 ile soya fasulyesinde du\u0308nya u\u0308c\u0327u\u0308ncu\u0308lu\u0308g\u0306u\u0308nu\u0308; bug\u0306day ve c\u0327ig\u0306 yer f\u0131st\u0131g\u0306\u0131nda du\u0308nya bes\u0327incilig\u0306ini; ay c\u0327ekirdeg\u0306inde ise du\u0308nya sekizincilig\u0306ini elinde tutmaktad\u0131r.<\/p>\n<p><strong>S\u0327arap ve et u\u0308retiminde bir marka ad\u0131:<\/strong> Arjantin damgas\u0131 bulunan s\u0327araplar ve hayvanc\u0131l\u0131k u\u0308ru\u0308nleri tad\u0131mc\u0131lar taraf\u0131ndan tam not alan, yu\u0308ksek segment u\u0308ru\u0308nlerdir. Nitekim s\u0327arapc\u0327\u0131l\u0131kta <span style=\"font-family: -apple-system, BlinkMacSystemFont, 'Segoe UI', Roboto, Oxygen-Sans, Ubuntu, Cantarell, 'Helvetica Neue', sans-serif;\">du\u0308nyan\u0131n bes\u0327inci en bu\u0308yu\u0308k u\u0308reticisi olan u\u0308lke, ihracat\u0131nda da alt\u0131nc\u0131 s\u0131radad\u0131r. U\u0308retimde kendisinin o\u0308nu\u0308ne gec\u0327en s\u0131ras\u0131yla Italya, Fransa, Ispanya ve Amerika Birles\u0327ik Devletleri\u2019nin ayn\u0131 segment kalitede bulunan s\u0327araplar ic\u0327in teklif ettig\u0306i fiyatlar du\u0308s\u0327u\u0308nu\u0308ldu\u0308g\u0306u\u0308nde, Arjantin piyasas\u0131n\u0131n yu\u0308kselen bir deg\u0306er oldug\u0306u as\u0327ikard\u0131r. Dana etinde 680 bin tonluk ihracat\u0131yla du\u0308nyan\u0131n en bu\u0308yu\u0308k alt\u0131nc\u0131 ihracatc\u0327\u0131s\u0131 olan u\u0308lke, toplam sat\u0131s\u0327\u0131n\u0131n %73,3\u2019luk k\u0131sm\u0131n\u0131 C\u0327in ile gerc\u0327ekles\u0327tirmedir ve hedef piyasas\u0131n\u0131n\u0131 genis\u0327leterek yeni al\u0131c\u0131 u\u0308lkelere ulas\u0327acak sekto\u0308rel deneyime sahiptir.<\/span><\/p>\n<\/div>\n<\/div>\n<\/div>\n<\/div>\n<div class=\"page\" title=\"Page 5\">\n<div class=\"section\">\n<div class=\"layoutArea\">\n<div class=\"column\">\n<p><strong>Arjantin\u2019in ana alt\u0131n yataklar\u0131ndan biri olan Veladero bo\u0308lgesi<\/strong><\/p>\n<p><img loading=\"lazy\" decoding=\"async\" class=\"aligncenter wp-image-1545 size-full\" src=\"https:\/\/ccargtur.org\/wp-content\/uploads\/2022\/06\/ccargtur-arjantin-firsatlar-3.png\" alt=\"\" width=\"700\" height=\"391\" srcset=\"https:\/\/ccargtur.org\/wp-content\/uploads\/2022\/06\/ccargtur-arjantin-firsatlar-3.png 700w, https:\/\/ccargtur.org\/wp-content\/uploads\/2022\/06\/ccargtur-arjantin-firsatlar-3-300x168.png 300w\" sizes=\"auto, (max-width: 700px) 100vw, 700px\" \/><\/p>\n<p><strong>Yeralt\u0131 kaynaklar\u0131ndan gelen zenginlik:<\/strong> Tar\u0131msal u\u0308ru\u0308nler ve hayvanc\u0131l\u0131g\u0306\u0131n go\u0308sterdig\u0306i gibi yer u\u0308stu\u0308 hazine deg\u0306erinde olan Arjantin\u2019in karl\u0131l\u0131g\u0306\u0131 en yu\u0308ksek kaynaklar\u0131 ise yeralt\u0131nda sakl\u0131d\u0131r. U\u0308lke 2021 y\u0131l\u0131n\u0131n istatistiklerine go\u0308re petrol ve petrokimya u\u0308ru\u0308nlerin ihracat\u0131ndan 5.208 milyon dolar, alt\u0131n ve gu\u0308mu\u0308s\u0327 madenlerinden ise 2.908 milyon dolar elde etmis\u0327tir. Toplamda 30.000 km2\u2019lik alana yay\u0131lan ve 308 milyar fit ku\u0308plu\u0308k rezerveleri ile du\u0308nyada en c\u0327ok kaya gaz\u0131na sahip ikinci u\u0308lke ve 27.000 milyon varillik deg\u0306eriyle konvansiyonel olmayan geri kazan\u0131labilir petrolu\u0308 rezervine sahip do\u0308rdu\u0308ncu\u0308 u\u0308lkedir. Bir yandan genc\u0327, dinamik, eg\u0306itimli ve vizyon sahibi nu\u0308fusu; dig\u0306er yandan ise tar\u0131msal hammadde ac\u0327\u0131s\u0131ndan kendine yeterli ve du\u0308nyaya ac\u0327\u0131lmaya haz\u0131r rekabetc\u0327i piyasas\u0131 ile dikkat c\u0327eken Arjantin, yaln\u0131zca u\u0308retim ve hizmet sekto\u0308rlerinde dikkat c\u0327ekmekle kalmaz. Go\u0308ru\u0308ldu\u0308g\u0306u\u0308 u\u0308zere yeralt\u0131nda saklad\u0131g\u0306\u0131 yu\u0308ksek deg\u0306er tas\u0327\u0131yan vazgec\u0327ilmez kaynaklarla ve sahip oldug\u0306u altyap\u0131 ag\u0306\u0131 ile yat\u0131r\u0131mc\u0131lar ac\u0327\u0131s\u0131ndan cazip bir atmosfer sunmaktad\u0131r.<\/p>\n<\/div>\n<\/div>\n<\/div>\n<\/div>\n","protected":false},"excerpt":{"rendered":"<p>Ziyaretc\u0327ilerine du\u0308nyan\u0131n bu\u0308tu\u0308n gu\u0308zelliklerinden bir parc\u0327a sunan Buenos Aires s\u0327ehrinde, bir pazar gu\u0308nu\u0308 o\u0308g\u0306le saatleri s\u0327ehrin ku\u0308ltu\u0308rel olarak zengin ve mimari ac\u0327\u0131dan es\u0327siz olan bo\u0308lgesi San Telmo\u2019da kurulan geleneksel sokak pazar\u0131yla bas\u0327lar. Kurulan bu pazar, yaln\u0131zca bir al\u0131s\u0327veris\u0327 ortam\u0131 deg\u0306il; ikiyu\u0308z ellinin u\u0308stu\u0308nde zanaatkar\u0131n\u0131n zengilles\u0327tirdig\u0306i&#8230;<\/p>\n","protected":false},"author":3,"featured_media":1551,"comment_status":"open","ping_status":"open","sticky":false,"template":"","format":"standard","meta":{"cybocfi_hide_featured_image":"","footnotes":"","_links_to":"","_links_to_target":""},"categories":[59],"tags":[],"class_list":["post-1544","post","type-post","status-publish","format-standard","has-post-thumbnail","hentry","category-haberler-tr"],"yoast_head":"<!-- This site is optimized with the Yoast SEO Premium plugin v27.3 (Yoast SEO v27.4) - https:\/\/yoast.com\/product\/yoast-seo-premium-wordpress\/ -->\n<title>Arjantin&#039;de Geli\u015fen F\u0131rsatlar - C\u00e1mara de Comercio Argentino - Turca<\/title>\n<meta name=\"robots\" content=\"index, follow, max-snippet:-1, max-image-preview:large, max-video-preview:-1\" \/>\n<link rel=\"canonical\" href=\"https:\/\/ccargtur.org\/tr\/arjantinde-gelisen-firsatlar\/\" \/>\n<meta property=\"og:locale\" content=\"tr_TR\" \/>\n<meta property=\"og:type\" content=\"article\" \/>\n<meta property=\"og:title\" content=\"Arjantin&#039;de Geli\u015fen F\u0131rsatlar\" \/>\n<meta property=\"og:description\" content=\"Ziyaretc\u0327ilerine du\u0308nyan\u0131n bu\u0308tu\u0308n gu\u0308zelliklerinden bir parc\u0327a sunan Buenos Aires s\u0327ehrinde, bir pazar gu\u0308nu\u0308 o\u0308g\u0306le saatleri s\u0327ehrin ku\u0308ltu\u0308rel olarak zengin ve mimari ac\u0327\u0131dan es\u0327siz olan bo\u0308lgesi San Telmo\u2019da kurulan geleneksel sokak pazar\u0131yla bas\u0327lar. Kurulan bu pazar, yaln\u0131zca bir al\u0131s\u0327veris\u0327 ortam\u0131 deg\u0306il; ikiyu\u0308z ellinin u\u0308stu\u0308nde zanaatkar\u0131n\u0131n zengilles\u0327tirdig\u0306i...\" \/>\n<meta property=\"og:url\" content=\"https:\/\/ccargtur.org\/tr\/arjantinde-gelisen-firsatlar\/\" \/>\n<meta property=\"og:site_name\" content=\"C\u00e1mara de Comercio Argentino - Turca\" \/>\n<meta property=\"article:published_time\" content=\"2022-06-22T22:21:11+00:00\" \/>\n<meta property=\"og:image\" content=\"https:\/\/ccargtur.org\/wp-content\/uploads\/2022\/06\/ccargtur-arjantin-firsatlar-1.png\" \/>\n\t<meta property=\"og:image:width\" content=\"860\" \/>\n\t<meta property=\"og:image:height\" content=\"583\" \/>\n\t<meta property=\"og:image:type\" content=\"image\/png\" \/>\n<meta name=\"author\" content=\"C\u00e1mara de Comercio Argentino - Turca\" \/>\n<meta name=\"twitter:card\" content=\"summary_large_image\" \/>\n<meta name=\"twitter:label1\" content=\"Yazan:\" \/>\n\t<meta name=\"twitter:data1\" content=\"C\u00e1mara de Comercio Argentino - Turca\" \/>\n\t<meta name=\"twitter:label2\" content=\"Tahmini okuma s\u00fcresi\" \/>\n\t<meta name=\"twitter:data2\" content=\"7 dakika\" \/>\n<script type=\"application\/ld+json\" class=\"yoast-schema-graph\">{\"@context\":\"https:\\\/\\\/schema.org\",\"@graph\":[{\"@type\":\"Article\",\"@id\":\"https:\\\/\\\/ccargtur.org\\\/tr\\\/arjantinde-gelisen-firsatlar\\\/#article\",\"isPartOf\":{\"@id\":\"https:\\\/\\\/ccargtur.org\\\/tr\\\/arjantinde-gelisen-firsatlar\\\/\"},\"author\":{\"name\":\"C\u00e1mara de Comercio Argentino - Turca\",\"@id\":\"https:\\\/\\\/ccargtur.org\\\/#\\\/schema\\\/person\\\/533f66c35bf96e9d38191ca3a7fe5451\"},\"headline\":\"Arjantin&#8217;de Geli\u015fen F\u0131rsatlar\",\"datePublished\":\"2022-06-22T22:21:11+00:00\",\"mainEntityOfPage\":{\"@id\":\"https:\\\/\\\/ccargtur.org\\\/tr\\\/arjantinde-gelisen-firsatlar\\\/\"},\"wordCount\":2183,\"commentCount\":0,\"publisher\":{\"@id\":\"https:\\\/\\\/ccargtur.org\\\/#organization\"},\"image\":{\"@id\":\"https:\\\/\\\/ccargtur.org\\\/tr\\\/arjantinde-gelisen-firsatlar\\\/#primaryimage\"},\"thumbnailUrl\":\"https:\\\/\\\/ccargtur.org\\\/wp-content\\\/uploads\\\/2022\\\/06\\\/ccargtur-arjantin-firsatlar-1.png\",\"articleSection\":[\"Haberler\"],\"inLanguage\":\"tr\",\"potentialAction\":[{\"@type\":\"CommentAction\",\"name\":\"Comment\",\"target\":[\"https:\\\/\\\/ccargtur.org\\\/tr\\\/arjantinde-gelisen-firsatlar\\\/#respond\"]}]},{\"@type\":\"WebPage\",\"@id\":\"https:\\\/\\\/ccargtur.org\\\/tr\\\/arjantinde-gelisen-firsatlar\\\/\",\"url\":\"https:\\\/\\\/ccargtur.org\\\/tr\\\/arjantinde-gelisen-firsatlar\\\/\",\"name\":\"Arjantin'de Geli\u015fen F\u0131rsatlar - C\u00e1mara de Comercio Argentino - Turca\",\"isPartOf\":{\"@id\":\"https:\\\/\\\/ccargtur.org\\\/#website\"},\"primaryImageOfPage\":{\"@id\":\"https:\\\/\\\/ccargtur.org\\\/tr\\\/arjantinde-gelisen-firsatlar\\\/#primaryimage\"},\"image\":{\"@id\":\"https:\\\/\\\/ccargtur.org\\\/tr\\\/arjantinde-gelisen-firsatlar\\\/#primaryimage\"},\"thumbnailUrl\":\"https:\\\/\\\/ccargtur.org\\\/wp-content\\\/uploads\\\/2022\\\/06\\\/ccargtur-arjantin-firsatlar-1.png\",\"datePublished\":\"2022-06-22T22:21:11+00:00\",\"breadcrumb\":{\"@id\":\"https:\\\/\\\/ccargtur.org\\\/tr\\\/arjantinde-gelisen-firsatlar\\\/#breadcrumb\"},\"inLanguage\":\"tr\",\"potentialAction\":[{\"@type\":\"ReadAction\",\"target\":[\"https:\\\/\\\/ccargtur.org\\\/tr\\\/arjantinde-gelisen-firsatlar\\\/\"]}]},{\"@type\":\"ImageObject\",\"inLanguage\":\"tr\",\"@id\":\"https:\\\/\\\/ccargtur.org\\\/tr\\\/arjantinde-gelisen-firsatlar\\\/#primaryimage\",\"url\":\"https:\\\/\\\/ccargtur.org\\\/wp-content\\\/uploads\\\/2022\\\/06\\\/ccargtur-arjantin-firsatlar-1.png\",\"contentUrl\":\"https:\\\/\\\/ccargtur.org\\\/wp-content\\\/uploads\\\/2022\\\/06\\\/ccargtur-arjantin-firsatlar-1.png\",\"width\":860,\"height\":583},{\"@type\":\"BreadcrumbList\",\"@id\":\"https:\\\/\\\/ccargtur.org\\\/tr\\\/arjantinde-gelisen-firsatlar\\\/#breadcrumb\",\"itemListElement\":[{\"@type\":\"ListItem\",\"position\":1,\"name\":\"Inicio\",\"item\":\"https:\\\/\\\/ccargtur.org\\\/tr\\\/\"},{\"@type\":\"ListItem\",\"position\":2,\"name\":\"Arjantin&#8217;de Geli\u015fen F\u0131rsatlar\"}]},{\"@type\":\"WebSite\",\"@id\":\"https:\\\/\\\/ccargtur.org\\\/#website\",\"url\":\"https:\\\/\\\/ccargtur.org\\\/\",\"name\":\"C\u00e1mara de Comercio Argentino - Turca\",\"description\":\"\",\"publisher\":{\"@id\":\"https:\\\/\\\/ccargtur.org\\\/#organization\"},\"potentialAction\":[{\"@type\":\"SearchAction\",\"target\":{\"@type\":\"EntryPoint\",\"urlTemplate\":\"https:\\\/\\\/ccargtur.org\\\/?s={search_term_string}\"},\"query-input\":{\"@type\":\"PropertyValueSpecification\",\"valueRequired\":true,\"valueName\":\"search_term_string\"}}],\"inLanguage\":\"tr\"},{\"@type\":\"Organization\",\"@id\":\"https:\\\/\\\/ccargtur.org\\\/#organization\",\"name\":\"C\u00e1mara de Comercio Argentino - Turca\",\"url\":\"https:\\\/\\\/ccargtur.org\\\/\",\"logo\":{\"@type\":\"ImageObject\",\"inLanguage\":\"tr\",\"@id\":\"https:\\\/\\\/ccargtur.org\\\/#\\\/schema\\\/logo\\\/image\\\/\",\"url\":\"https:\\\/\\\/i0.wp.com\\\/ccargtur.org\\\/wp-content\\\/uploads\\\/2021\\\/11\\\/LOGO-CCARGTUR.webp?fit=2150%2C856&ssl=1\",\"contentUrl\":\"https:\\\/\\\/i0.wp.com\\\/ccargtur.org\\\/wp-content\\\/uploads\\\/2021\\\/11\\\/LOGO-CCARGTUR.webp?fit=2150%2C856&ssl=1\",\"width\":2150,\"height\":856,\"caption\":\"C\u00e1mara de Comercio Argentino - Turca\"},\"image\":{\"@id\":\"https:\\\/\\\/ccargtur.org\\\/#\\\/schema\\\/logo\\\/image\\\/\"}},{\"@type\":\"Person\",\"@id\":\"https:\\\/\\\/ccargtur.org\\\/#\\\/schema\\\/person\\\/533f66c35bf96e9d38191ca3a7fe5451\",\"name\":\"C\u00e1mara de Comercio Argentino - Turca\",\"image\":{\"@type\":\"ImageObject\",\"inLanguage\":\"tr\",\"@id\":\"https:\\\/\\\/secure.gravatar.com\\\/avatar\\\/fc3fea9ded9b14f89829d704a887b35a3fa1ebfe2414a1bde61dfe44dc767a80?s=96&d=mm&r=g\",\"url\":\"https:\\\/\\\/secure.gravatar.com\\\/avatar\\\/fc3fea9ded9b14f89829d704a887b35a3fa1ebfe2414a1bde61dfe44dc767a80?s=96&d=mm&r=g\",\"contentUrl\":\"https:\\\/\\\/secure.gravatar.com\\\/avatar\\\/fc3fea9ded9b14f89829d704a887b35a3fa1ebfe2414a1bde61dfe44dc767a80?s=96&d=mm&r=g\",\"caption\":\"C\u00e1mara de Comercio Argentino - Turca\"},\"sameAs\":[\"http:\\\/\\\/ccargtur.org\"],\"url\":\"https:\\\/\\\/ccargtur.org\\\/tr\\\/author\\\/ccargtur\\\/\"}]}<\/script>\n<!-- \/ Yoast SEO Premium plugin. -->","yoast_head_json":{"title":"Arjantin'de Geli\u015fen F\u0131rsatlar - C\u00e1mara de Comercio Argentino - Turca","robots":{"index":"index","follow":"follow","max-snippet":"max-snippet:-1","max-image-preview":"max-image-preview:large","max-video-preview":"max-video-preview:-1"},"canonical":"https:\/\/ccargtur.org\/tr\/arjantinde-gelisen-firsatlar\/","og_locale":"tr_TR","og_type":"article","og_title":"Arjantin'de Geli\u015fen F\u0131rsatlar","og_description":"Ziyaretc\u0327ilerine du\u0308nyan\u0131n bu\u0308tu\u0308n gu\u0308zelliklerinden bir parc\u0327a sunan Buenos Aires s\u0327ehrinde, bir pazar gu\u0308nu\u0308 o\u0308g\u0306le saatleri s\u0327ehrin ku\u0308ltu\u0308rel olarak zengin ve mimari ac\u0327\u0131dan es\u0327siz olan bo\u0308lgesi San Telmo\u2019da kurulan geleneksel sokak pazar\u0131yla bas\u0327lar. Kurulan bu pazar, yaln\u0131zca bir al\u0131s\u0327veris\u0327 ortam\u0131 deg\u0306il; ikiyu\u0308z ellinin u\u0308stu\u0308nde zanaatkar\u0131n\u0131n zengilles\u0327tirdig\u0306i...","og_url":"https:\/\/ccargtur.org\/tr\/arjantinde-gelisen-firsatlar\/","og_site_name":"C\u00e1mara de Comercio Argentino - Turca","article_published_time":"2022-06-22T22:21:11+00:00","og_image":[{"width":860,"height":583,"url":"https:\/\/ccargtur.org\/wp-content\/uploads\/2022\/06\/ccargtur-arjantin-firsatlar-1.png","type":"image\/png"}],"author":"C\u00e1mara de Comercio Argentino - Turca","twitter_card":"summary_large_image","twitter_misc":{"Yazan:":"C\u00e1mara de Comercio Argentino - Turca","Tahmini okuma s\u00fcresi":"7 dakika"},"schema":{"@context":"https:\/\/schema.org","@graph":[{"@type":"Article","@id":"https:\/\/ccargtur.org\/tr\/arjantinde-gelisen-firsatlar\/#article","isPartOf":{"@id":"https:\/\/ccargtur.org\/tr\/arjantinde-gelisen-firsatlar\/"},"author":{"name":"C\u00e1mara de Comercio Argentino - Turca","@id":"https:\/\/ccargtur.org\/#\/schema\/person\/533f66c35bf96e9d38191ca3a7fe5451"},"headline":"Arjantin&#8217;de Geli\u015fen F\u0131rsatlar","datePublished":"2022-06-22T22:21:11+00:00","mainEntityOfPage":{"@id":"https:\/\/ccargtur.org\/tr\/arjantinde-gelisen-firsatlar\/"},"wordCount":2183,"commentCount":0,"publisher":{"@id":"https:\/\/ccargtur.org\/#organization"},"image":{"@id":"https:\/\/ccargtur.org\/tr\/arjantinde-gelisen-firsatlar\/#primaryimage"},"thumbnailUrl":"https:\/\/ccargtur.org\/wp-content\/uploads\/2022\/06\/ccargtur-arjantin-firsatlar-1.png","articleSection":["Haberler"],"inLanguage":"tr","potentialAction":[{"@type":"CommentAction","name":"Comment","target":["https:\/\/ccargtur.org\/tr\/arjantinde-gelisen-firsatlar\/#respond"]}]},{"@type":"WebPage","@id":"https:\/\/ccargtur.org\/tr\/arjantinde-gelisen-firsatlar\/","url":"https:\/\/ccargtur.org\/tr\/arjantinde-gelisen-firsatlar\/","name":"Arjantin'de Geli\u015fen F\u0131rsatlar - C\u00e1mara de Comercio Argentino - Turca","isPartOf":{"@id":"https:\/\/ccargtur.org\/#website"},"primaryImageOfPage":{"@id":"https:\/\/ccargtur.org\/tr\/arjantinde-gelisen-firsatlar\/#primaryimage"},"image":{"@id":"https:\/\/ccargtur.org\/tr\/arjantinde-gelisen-firsatlar\/#primaryimage"},"thumbnailUrl":"https:\/\/ccargtur.org\/wp-content\/uploads\/2022\/06\/ccargtur-arjantin-firsatlar-1.png","datePublished":"2022-06-22T22:21:11+00:00","breadcrumb":{"@id":"https:\/\/ccargtur.org\/tr\/arjantinde-gelisen-firsatlar\/#breadcrumb"},"inLanguage":"tr","potentialAction":[{"@type":"ReadAction","target":["https:\/\/ccargtur.org\/tr\/arjantinde-gelisen-firsatlar\/"]}]},{"@type":"ImageObject","inLanguage":"tr","@id":"https:\/\/ccargtur.org\/tr\/arjantinde-gelisen-firsatlar\/#primaryimage","url":"https:\/\/ccargtur.org\/wp-content\/uploads\/2022\/06\/ccargtur-arjantin-firsatlar-1.png","contentUrl":"https:\/\/ccargtur.org\/wp-content\/uploads\/2022\/06\/ccargtur-arjantin-firsatlar-1.png","width":860,"height":583},{"@type":"BreadcrumbList","@id":"https:\/\/ccargtur.org\/tr\/arjantinde-gelisen-firsatlar\/#breadcrumb","itemListElement":[{"@type":"ListItem","position":1,"name":"Inicio","item":"https:\/\/ccargtur.org\/tr\/"},{"@type":"ListItem","position":2,"name":"Arjantin&#8217;de Geli\u015fen F\u0131rsatlar"}]},{"@type":"WebSite","@id":"https:\/\/ccargtur.org\/#website","url":"https:\/\/ccargtur.org\/","name":"C\u00e1mara de Comercio Argentino - Turca","description":"","publisher":{"@id":"https:\/\/ccargtur.org\/#organization"},"potentialAction":[{"@type":"SearchAction","target":{"@type":"EntryPoint","urlTemplate":"https:\/\/ccargtur.org\/?s={search_term_string}"},"query-input":{"@type":"PropertyValueSpecification","valueRequired":true,"valueName":"search_term_string"}}],"inLanguage":"tr"},{"@type":"Organization","@id":"https:\/\/ccargtur.org\/#organization","name":"C\u00e1mara de Comercio Argentino - Turca","url":"https:\/\/ccargtur.org\/","logo":{"@type":"ImageObject","inLanguage":"tr","@id":"https:\/\/ccargtur.org\/#\/schema\/logo\/image\/","url":"https:\/\/i0.wp.com\/ccargtur.org\/wp-content\/uploads\/2021\/11\/LOGO-CCARGTUR.webp?fit=2150%2C856&ssl=1","contentUrl":"https:\/\/i0.wp.com\/ccargtur.org\/wp-content\/uploads\/2021\/11\/LOGO-CCARGTUR.webp?fit=2150%2C856&ssl=1","width":2150,"height":856,"caption":"C\u00e1mara de Comercio Argentino - Turca"},"image":{"@id":"https:\/\/ccargtur.org\/#\/schema\/logo\/image\/"}},{"@type":"Person","@id":"https:\/\/ccargtur.org\/#\/schema\/person\/533f66c35bf96e9d38191ca3a7fe5451","name":"C\u00e1mara de Comercio Argentino - Turca","image":{"@type":"ImageObject","inLanguage":"tr","@id":"https:\/\/secure.gravatar.com\/avatar\/fc3fea9ded9b14f89829d704a887b35a3fa1ebfe2414a1bde61dfe44dc767a80?s=96&d=mm&r=g","url":"https:\/\/secure.gravatar.com\/avatar\/fc3fea9ded9b14f89829d704a887b35a3fa1ebfe2414a1bde61dfe44dc767a80?s=96&d=mm&r=g","contentUrl":"https:\/\/secure.gravatar.com\/avatar\/fc3fea9ded9b14f89829d704a887b35a3fa1ebfe2414a1bde61dfe44dc767a80?s=96&d=mm&r=g","caption":"C\u00e1mara de Comercio Argentino - Turca"},"sameAs":["http:\/\/ccargtur.org"],"url":"https:\/\/ccargtur.org\/tr\/author\/ccargtur\/"}]}},"_links":{"self":[{"href":"https:\/\/ccargtur.org\/tr\/wp-json\/wp\/v2\/posts\/1544","targetHints":{"allow":["GET"]}}],"collection":[{"href":"https:\/\/ccargtur.org\/tr\/wp-json\/wp\/v2\/posts"}],"about":[{"href":"https:\/\/ccargtur.org\/tr\/wp-json\/wp\/v2\/types\/post"}],"author":[{"embeddable":true,"href":"https:\/\/ccargtur.org\/tr\/wp-json\/wp\/v2\/users\/3"}],"replies":[{"embeddable":true,"href":"https:\/\/ccargtur.org\/tr\/wp-json\/wp\/v2\/comments?post=1544"}],"version-history":[{"count":0,"href":"https:\/\/ccargtur.org\/tr\/wp-json\/wp\/v2\/posts\/1544\/revisions"}],"wp:featuredmedia":[{"embeddable":true,"href":"https:\/\/ccargtur.org\/tr\/wp-json\/wp\/v2\/media\/1551"}],"wp:attachment":[{"href":"https:\/\/ccargtur.org\/tr\/wp-json\/wp\/v2\/media?parent=1544"}],"wp:term":[{"taxonomy":"category","embeddable":true,"href":"https:\/\/ccargtur.org\/tr\/wp-json\/wp\/v2\/categories?post=1544"},{"taxonomy":"post_tag","embeddable":true,"href":"https:\/\/ccargtur.org\/tr\/wp-json\/wp\/v2\/tags?post=1544"}],"curies":[{"name":"wp","href":"https:\/\/api.w.org\/{rel}","templated":true}]}}