{"id":1468,"date":"2021-11-18T15:25:00","date_gmt":"2021-11-18T18:25:00","guid":{"rendered":"https:\/\/ccargtur.org\/turk-isadamlari-arjantin-pazarini-ariyor\/"},"modified":"2025-08-26T00:57:53","modified_gmt":"2025-08-26T03:57:53","slug":"turk-isadamlari-arjantin-pazarini-ariyor","status":"publish","type":"post","link":"https:\/\/ccargtur.org\/tr\/turk-isadamlari-arjantin-pazarini-ariyor\/","title":{"rendered":"T\u00fcrk i\u015fadamlar\u0131 Arjantin pazar\u0131n\u0131 ar\u0131yor"},"content":{"rendered":"\r\n<h2 class=\"wp-block-heading\">T\u00fcrkiye \u0130hracat\u00e7\u0131lar Birli\u011fi Ba\u015fkan\u0131, &#8220;Ekonomik liberalle\u015fme ve d\u00fcnya ticaretinin geli\u015ftirilmesi ad\u0131na Mercosur \u00fclkeleriyle ili\u015fkilerimize b\u00fcy\u00fck \u00f6nem veriyoruz&#8221; dedi.<\/h2>\r\n\r\n\r\n\r\n<div class=\"wp-block-spacer\" style=\"height: 40px;\" aria-hidden=\"true\">\u00a0<\/div>\r\n\r\n\r\n\r\n<div class=\"wp-block-image\">\r\n<figure class=\"aligncenter size-large\"><img loading=\"lazy\" decoding=\"async\" width=\"1024\" height=\"790\" class=\"wp-image-567\" src=\"https:\/\/ccargtur.org\/wp-content\/uploads\/2021\/10\/Empresarios-turcos-en-busqueda-del-mercado-de-argentina-1024x790.jpg\" alt=\"Empresarios turcos en b\u00fasqueda del mercado de Argentina\" srcset=\"https:\/\/ccargtur.org\/wp-content\/uploads\/2021\/10\/Empresarios-turcos-en-busqueda-del-mercado-de-argentina-1024x790.jpg 1024w, https:\/\/ccargtur.org\/wp-content\/uploads\/2021\/10\/Empresarios-turcos-en-busqueda-del-mercado-de-argentina-300x231.jpg 300w, https:\/\/ccargtur.org\/wp-content\/uploads\/2021\/10\/Empresarios-turcos-en-busqueda-del-mercado-de-argentina-768x592.jpg 768w, https:\/\/ccargtur.org\/wp-content\/uploads\/2021\/10\/Empresarios-turcos-en-busqueda-del-mercado-de-argentina.jpg 1400w\" sizes=\"auto, (max-width: 1024px) 100vw, 1024px\" \/><\/figure>\r\n<\/div>\r\n\r\n\r\n\r\n<div class=\"wp-block-spacer\" style=\"height: 30px;\" aria-hidden=\"true\">BUENOS AIRES, ARJANT\u0130N, 23 N\u0130SAN. T\u00fcrkiye \u0130hracat\u00e7\u0131lar Birli\u011fi (T\u0130M) Direkt\u00f6r\u00fc S\u00fcleyman Kocasert, Arjantin&#8217;in Buenos Aires kentinde d\u00fczenlenen &#8220;Arjantin-T\u00fcrkiye \u0130\u015f Forumu&#8221; forumunun a\u00e7\u0131l\u0131\u015f\u0131nda konu\u015fuyor. 23 Nisan 2018. (Emiliano Limia \u2013 Anadolu Ajans\u0131).<\/div>\r\n<div aria-hidden=\"true\">\u00a0<\/div>\r\n<div aria-hidden=\"true\">\u00a0<\/div>\r\n\r\n\r\n\r\n<p>Buenos Aires, Arjantin<\/p>\r\n\r\n\r\n\r\n<p>T\u00fcrkiye&#8217;nin Arjantin B\u00fcy\u00fckel\u00e7ili\u011fi ve T\u00fcrkiye \u0130hracat\u00e7\u0131lar Birli\u011fi Pazartesi g\u00fcn\u00fc Buenos Aires&#8217;te her iki \u00fclkenin d\u0131\u015f ticaret temsilcilerinin kat\u0131ld\u0131\u011f\u0131 &#8220;Arjantin-T\u00fcrkiye \u0130\u015f Forumu&#8221;nu d\u00fczenledi.<\/p>\r\n<p>&nbsp;<\/p>\r\n<p>Etkinli\u011fin a\u00e7\u0131l\u0131\u015f\u0131na Arjantin Cumhuriyeti \u0130thalat\u00e7\u0131lar Odas\u0131 (CIRA) Ba\u015fkan\u0131 Rub\u00e9n Garc\u00eda ve T\u00fcrkiye \u0130hracat\u00e7\u0131lar Birli\u011fi (T\u0130M) Ba\u015fkan\u0131 S\u00fcleyman Kocasert kat\u0131ld\u0131. Anadolu Ajans\u0131 ile.<\/p>\r\n<p>&nbsp;<\/p>\r\n<p>T\u00fcrkiye&#8217;de yakla\u015f\u0131k 70.000 ihracat\u00e7\u0131 ve d\u0131\u015f ticaret kurulu\u015funu temsil eden derne\u011fe 2014&#8217;ten bu yana liderlik eden Kocasert, &#8220;Bu Arjantin-T\u00fcrkiye \u0130\u015f Forumu&#8217;nu d\u00fczenleme fikri, i\u015fbirli\u011fi olanaklar\u0131m\u0131z\u0131 de\u011ferlendirmektir&#8221; diyor.<\/p>\r\n<p>&nbsp;<\/p>\r\n<p>\u201cH\u00fck\u00fcmetimiz ile d\u0131\u015f ticaret temsilcilerimiz aras\u0131nda bir k\u00f6pr\u00fcy\u00fcz. Kal\u0131c\u0131 ve s\u00fcrd\u00fcr\u00fclebilir ihracat\u0131 ve k\u00fcresel d\u0131\u015f ticareti art\u0131rmak i\u00e7in \u00e7al\u0131\u015f\u0131yoruz. Bug\u00fcn Arjantinli kurulu\u015flarla diyalo\u011fumuzun i\u015f adamlar\u0131m\u0131z\u0131 birle\u015ftirmesini temenni ediyorum\u201d dedi.<\/p>\r\n<p>&nbsp;<\/p>\r\n<p><strong>T\u00fcrkiye, Arjantin ve Mercosur ile \u00e7ok ilgileniyor.<\/strong><\/p>\r\n<p>&nbsp;<\/p>\r\n<p>Arjantin, ki\u015fi ba\u015f\u0131na d\u00fc\u015fen gelirin en y\u00fcksek oldu\u011fu Latin Amerika \u00fclkeleri aras\u0131ndad\u0131r. 650.000 milyon ABD Dolar\u0131n\u0131 a\u015fan y\u0131ll\u0131k tahsilat\u0131yla b\u00f6lgenin en b\u00fcy\u00fck ekonomilerinden biridir.<\/p>\r\n<p>&nbsp;<\/p>\r\n<p>Kocasert, Arjantin&#8217;in &#8220;son y\u0131llarda ekonomi politikalar\u0131 ve k\u00fcresel pazarla b\u00fct\u00fcnle\u015fti\u011fini garanti ediyor (&#8230;) Sanayi, tar\u0131m ba\u011flam\u0131nda \u00e7ok ba\u015far\u0131l\u0131 bir ticari performans g\u00f6steriyor (&#8230;) Bu ba\u015far\u0131lar \u00fclkemiz taraf\u0131ndan da yak\u0131ndan takip ediliyor. &#8220;<\/p>\r\n<p>&nbsp;<\/p>\r\n<p>Cumhurba\u015fkan\u0131 Recep Tayyip Erdo\u011fan&#8217;\u0131n iktidara gelmesinden bu yana T\u00fcrkiye, Latin Amerika ve Karayipler \u00fclkelerinde sadece ticari alanda de\u011fil, k\u00fclt\u00fcrel ve siyasi alanda da daha fazla varl\u0131\u011fa sahip olmaya ba\u015flad\u0131.<\/p>\r\n<p>&nbsp;<\/p>\r\n<p>\u201cSon y\u0131llarda yeni k\u00f6pr\u00fcler in\u015fa etmek i\u00e7in farkl\u0131 \u00fclkelerle ikili anla\u015fmalar yap\u0131yoruz. Bu s\u00fcre\u00e7 kapsam\u0131nda b\u00f6lge \u00fclkeleriyle ili\u015fkilerimizi geli\u015ftirmek ve bu politikay\u0131 Latin Amerika ile ortakl\u0131\u011fa d\u00f6n\u00fc\u015ft\u00fcrmek istiyoruz\u201d dedi.<\/p>\r\n<p>&nbsp;<\/p>\r\n<p>Bu kapsamda, T\u00fcrkiye ile Mercosur aras\u0131nda Serbest Ticaret Anla\u015fmas\u0131&#8217;n\u0131n imzalanmas\u0131 i\u00e7in ilk m\u00fczakereler 2008 y\u0131l\u0131nda Buenos Aires&#8217;te yap\u0131lm\u0131\u015ft\u0131r.<\/p>\r\n<p>&nbsp;<\/p>\r\n<p>T\u0130M Ba\u015fkan\u0131, &#8220;\u0130hracat\u00e7\u0131lar olarak ekonomik serbestle\u015fme ve d\u00fcnya ticaretinin geli\u015fmesi ad\u0131na Mercosur \u00fclkeleriyle ili\u015fkilerimize b\u00fcy\u00fck \u00f6nem veriyoruz&#8221; dedi.<\/p>\r\n<p>&nbsp;<\/p>\r\n<p><strong>Arjantin d\u0131\u015f ticaret rakamlar\u0131<\/strong><\/p>\r\n<p>&nbsp;<\/p>\r\n<p>Arjantin, 2017 y\u0131l\u0131nda 58.000 milyon ABD dolar\u0131 ihracat ger\u00e7ekle\u015ftiren bir \u00fclke olup, et, su ve k\u00fcmes hayvan\u0131 \u00fcr\u00fcnlerinde d\u00fcnyan\u0131n en \u00f6nemli tedarik\u00e7ileri aras\u0131nda yer almaktad\u0131r. Ayr\u0131ca otomotiv ve de\u011ferli ta\u015f sekt\u00f6rlerini geli\u015ftirmi\u015ftir.<\/p>\r\n<p>&nbsp;<\/p>\r\n<p>Arjantin&#8217;de ithalat ise 2017 y\u0131l\u0131nda 67.000 milyon ABD dolar\u0131 olup, otomotiv sekt\u00f6r\u00fc makine ve beyaz e\u015fya en \u00f6nemli sekt\u00f6rd\u00fcr.<\/p>\r\n<p>&nbsp;<\/p>\r\n<p>\u201c\u00dclkemiz Arjantin&#8217;e otomotiv, makine ve elektrikli te\u00e7hizat sekt\u00f6rlerinde sadece 95 milyon dolar civar\u0131nda ihracat yapt\u0131\u201d diye \u00fcz\u00fclen Kocasert, \u201cAncak demir, \u00e7elik ve tekstil ihracat\u0131 olduk\u00e7a ba\u015far\u0131l\u0131 oldu.<\/p>\r\n<p>&nbsp;<\/p>\r\n<p>Genel olarak ikili ticaret verilerine bak\u0131ld\u0131\u011f\u0131nda, T\u00fcrkiye&#8217;nin Arjantin&#8217;e yapt\u0131\u011f\u0131 ihracat son 3 y\u0131lda ortalama 140 milyon ABD dolar\u0131 d\u00fczeyindedir. &#8220;Potansiyelimizin alt\u0131nday\u0131z. 2013 y\u0131l\u0131nda ula\u015f\u0131lan 320 milyon dolarl\u0131k rekor rakama g\u00f6re bir d\u00fc\u015f\u00fc\u015f var\u201d diyor Kocasert.<\/p>\r\n<p>&nbsp;<\/p>\r\n<p>Bu forumdan sonra iki \u00fclke i\u015fadamlar\u0131n\u0131n \u00f6nemli ticari ba\u011flara imza atarak kar\u015f\u0131l\u0131kl\u0131 i\u015flerimizin geli\u015fmesine katk\u0131 sa\u011flayaca\u011f\u0131na inan\u0131yorum\u201d dedi.<\/p>\r\n<p>&nbsp;<\/p>\r\n<p>Kocasert, y\u00fcksek tarifelere de de\u011findi: \u201cBaz\u0131 \u00fcr\u00fcnlerdeki b\u00fcrokratik d\u00fczenlemeler, ne yaz\u0131k ki ikili ticaretin geli\u015fmesinde \u00f6n\u00fcm\u00fcze engel te\u015fkil ediyor. Bu engelleri daha makul seviyelere indirerek co\u011frafi mesafemizin dezavantaj\u0131n\u0131 azaltacak ve \u00e7ok daha b\u00fcy\u00fck anla\u015fmalara imza ataca\u011f\u0131z\u201d dedi.<\/p>\r\n<p>&nbsp;<\/p>\r\n<p>Son olarak, ge\u00e7en y\u0131l 70 \u00fclkeden 600&#8217;den fazla ithalat\u00e7\u0131 ve ihracat\u00e7\u0131y\u0131 T\u00fcrkiye&#8217;de bir araya getiren ve bu y\u0131l Aral\u0131k ay\u0131nda ger\u00e7ekle\u015fecek olan &#8220;\u0130hracat Haftas\u0131&#8221; etkinli\u011finin tan\u0131t\u0131m\u0131n\u0131 yapma f\u0131rsat\u0131 buldu.<\/p>\r\n<p>&nbsp;<\/p>\r\n<p>\u201cListemize ne kadar \u00e7ok \u00fcr\u00fcn eklersek d\u0131\u015f ticaret hacmimiz o kadar y\u00fcksek olur. Bu nedenle ili\u015fkilerimizi g\u00fc\u00e7lendirerek, tecr\u00fcbelerimizi birbirimize aktararak T\u00fcrkiye ile Arjantin aras\u0131ndaki ticareti ve i\u015fbirli\u011fini geli\u015ftirece\u011fiz\u201d dedi.<\/p>\r\n<p>&nbsp;<\/p>\r\n<p><strong>Kaynak:<\/strong> <a href=\"https:\/\/www.aa.com.tr\/es\/econom%C3%ADa\/empresarios-turcos-en-b%C3%BAsqueda-del-mercado-de-argentina\/1126290\">https:\/\/www.aa.com.tr\/es\/econom%C3%ADa\/empresarios-turcos-en-b%C3%BAsqueda-del-mercado-de-argentina\/1126290<\/a><\/p>\r\n","protected":false},"excerpt":{"rendered":"<p>T\u00fcrkiye \u0130hracat\u00e7\u0131lar Birli\u011fi Ba\u015fkan\u0131, &#8220;Ekonomik liberalle\u015fme ve d\u00fcnya ticaretinin geli\u015ftirilmesi ad\u0131na Mercosur \u00fclkeleriyle ili\u015fkilerimize b\u00fcy\u00fck \u00f6nem veriyoruz&#8221; dedi.<\/p>\n","protected":false},"author":3,"featured_media":1128,"comment_status":"open","ping_status":"open","sticky":false,"template":"","format":"standard","meta":{"cybocfi_hide_featured_image":"","footnotes":"","_links_to":"","_links_to_target":""},"categories":[57],"tags":[],"class_list":["post-1468","post","type-post","status-publish","format-standard","has-post-thumbnail","hentry","category-haberler"],"yoast_head":"<!-- This site is optimized with the Yoast SEO Premium plugin v27.3 (Yoast SEO v27.4) - https:\/\/yoast.com\/product\/yoast-seo-premium-wordpress\/ -->\n<title>T\u00fcrk i\u015fadamlar\u0131 Arjantin pazar\u0131n\u0131 ar\u0131yor - CCARGTUR<\/title>\n<meta name=\"description\" content=\"Concedemos gran importancia a nuestras relaciones con los pa\u00edses del Mercosur en nombre de la liberalizaci\u00f3n de la econom\u00eda. Seguir leyendo &gt;\" \/>\n<meta name=\"robots\" content=\"index, follow, max-snippet:-1, max-image-preview:large, max-video-preview:-1\" \/>\n<link rel=\"canonical\" href=\"https:\/\/ccargtur.org\/tr\/turk-isadamlari-arjantin-pazarini-ariyor\/\" \/>\n<meta property=\"og:locale\" content=\"tr_TR\" \/>\n<meta property=\"og:type\" content=\"article\" \/>\n<meta property=\"og:title\" content=\"T\u00fcrk i\u015fadamlar\u0131 Arjantin pazar\u0131n\u0131 ar\u0131yor\" \/>\n<meta property=\"og:description\" content=\"Concedemos gran importancia a nuestras relaciones con los pa\u00edses del Mercosur en nombre de la liberalizaci\u00f3n de la econom\u00eda. Seguir leyendo &gt;\" \/>\n<meta property=\"og:url\" content=\"https:\/\/ccargtur.org\/tr\/turk-isadamlari-arjantin-pazarini-ariyor\/\" \/>\n<meta property=\"og:site_name\" content=\"C\u00e1mara de Comercio Argentino - Turca\" \/>\n<meta property=\"article:published_time\" content=\"2021-11-18T18:25:00+00:00\" \/>\n<meta property=\"article:modified_time\" content=\"2025-08-26T03:57:53+00:00\" \/>\n<meta property=\"og:image\" content=\"https:\/\/ccargtur.org\/wp-content\/uploads\/2021\/10\/Empresarios-turcos-en-busqueda-del-mercado-de-argentina.jpg\" \/>\n<meta name=\"author\" content=\"C\u00e1mara de Comercio Argentino - Turca\" \/>\n<meta name=\"twitter:card\" content=\"summary_large_image\" \/>\n<meta name=\"twitter:image\" content=\"https:\/\/ccargtur.org\/wp-content\/uploads\/2021\/10\/Empresarios-turcos-en-busqueda-del-mercado-de-argentina.jpg\" \/>\n<meta name=\"twitter:label1\" content=\"Yazan:\" \/>\n\t<meta name=\"twitter:data1\" content=\"C\u00e1mara de Comercio Argentino - Turca\" \/>\n\t<meta name=\"twitter:label2\" content=\"Tahmini okuma s\u00fcresi\" \/>\n\t<meta name=\"twitter:data2\" content=\"3 dakika\" \/>\n<script type=\"application\/ld+json\" class=\"yoast-schema-graph\">{\"@context\":\"https:\\\/\\\/schema.org\",\"@graph\":[{\"@type\":\"Article\",\"@id\":\"https:\\\/\\\/ccargtur.org\\\/tr\\\/turk-isadamlari-arjantin-pazarini-ariyor\\\/#article\",\"isPartOf\":{\"@id\":\"https:\\\/\\\/ccargtur.org\\\/tr\\\/turk-isadamlari-arjantin-pazarini-ariyor\\\/\"},\"author\":{\"name\":\"C\u00e1mara de Comercio Argentino - Turca\",\"@id\":\"https:\\\/\\\/ccargtur.org\\\/#\\\/schema\\\/person\\\/533f66c35bf96e9d38191ca3a7fe5451\"},\"headline\":\"T\u00fcrk i\u015fadamlar\u0131 Arjantin pazar\u0131n\u0131 ar\u0131yor\",\"datePublished\":\"2021-11-18T18:25:00+00:00\",\"dateModified\":\"2025-08-26T03:57:53+00:00\",\"mainEntityOfPage\":{\"@id\":\"https:\\\/\\\/ccargtur.org\\\/tr\\\/turk-isadamlari-arjantin-pazarini-ariyor\\\/\"},\"wordCount\":824,\"commentCount\":0,\"publisher\":{\"@id\":\"https:\\\/\\\/ccargtur.org\\\/#organization\"},\"image\":{\"@id\":\"https:\\\/\\\/ccargtur.org\\\/tr\\\/turk-isadamlari-arjantin-pazarini-ariyor\\\/#primaryimage\"},\"thumbnailUrl\":\"https:\\\/\\\/ccargtur.org\\\/wp-content\\\/uploads\\\/2021\\\/10\\\/Empresarios-turcos-en-busqueda-del-mercado-de-argentina.jpg\",\"articleSection\":[\"Haberler\"],\"inLanguage\":\"tr\",\"potentialAction\":[{\"@type\":\"CommentAction\",\"name\":\"Comment\",\"target\":[\"https:\\\/\\\/ccargtur.org\\\/tr\\\/turk-isadamlari-arjantin-pazarini-ariyor\\\/#respond\"]}]},{\"@type\":\"WebPage\",\"@id\":\"https:\\\/\\\/ccargtur.org\\\/tr\\\/turk-isadamlari-arjantin-pazarini-ariyor\\\/\",\"url\":\"https:\\\/\\\/ccargtur.org\\\/tr\\\/turk-isadamlari-arjantin-pazarini-ariyor\\\/\",\"name\":\"T\u00fcrk i\u015fadamlar\u0131 Arjantin pazar\u0131n\u0131 ar\u0131yor - CCARGTUR\",\"isPartOf\":{\"@id\":\"https:\\\/\\\/ccargtur.org\\\/#website\"},\"primaryImageOfPage\":{\"@id\":\"https:\\\/\\\/ccargtur.org\\\/tr\\\/turk-isadamlari-arjantin-pazarini-ariyor\\\/#primaryimage\"},\"image\":{\"@id\":\"https:\\\/\\\/ccargtur.org\\\/tr\\\/turk-isadamlari-arjantin-pazarini-ariyor\\\/#primaryimage\"},\"thumbnailUrl\":\"https:\\\/\\\/ccargtur.org\\\/wp-content\\\/uploads\\\/2021\\\/10\\\/Empresarios-turcos-en-busqueda-del-mercado-de-argentina.jpg\",\"datePublished\":\"2021-11-18T18:25:00+00:00\",\"dateModified\":\"2025-08-26T03:57:53+00:00\",\"description\":\"Concedemos gran importancia a nuestras relaciones con los pa\u00edses del Mercosur en nombre de la liberalizaci\u00f3n de la econom\u00eda. Seguir leyendo >\",\"breadcrumb\":{\"@id\":\"https:\\\/\\\/ccargtur.org\\\/tr\\\/turk-isadamlari-arjantin-pazarini-ariyor\\\/#breadcrumb\"},\"inLanguage\":\"tr\",\"potentialAction\":[{\"@type\":\"ReadAction\",\"target\":[\"https:\\\/\\\/ccargtur.org\\\/tr\\\/turk-isadamlari-arjantin-pazarini-ariyor\\\/\"]}]},{\"@type\":\"ImageObject\",\"inLanguage\":\"tr\",\"@id\":\"https:\\\/\\\/ccargtur.org\\\/tr\\\/turk-isadamlari-arjantin-pazarini-ariyor\\\/#primaryimage\",\"url\":\"https:\\\/\\\/ccargtur.org\\\/wp-content\\\/uploads\\\/2021\\\/10\\\/Empresarios-turcos-en-busqueda-del-mercado-de-argentina.jpg\",\"contentUrl\":\"https:\\\/\\\/ccargtur.org\\\/wp-content\\\/uploads\\\/2021\\\/10\\\/Empresarios-turcos-en-busqueda-del-mercado-de-argentina.jpg\",\"width\":1400,\"height\":1080,\"caption\":\"Empresarios turcos en b\u00fasqueda del mercado de Argentina\"},{\"@type\":\"BreadcrumbList\",\"@id\":\"https:\\\/\\\/ccargtur.org\\\/tr\\\/turk-isadamlari-arjantin-pazarini-ariyor\\\/#breadcrumb\",\"itemListElement\":[{\"@type\":\"ListItem\",\"position\":1,\"name\":\"Inicio\",\"item\":\"https:\\\/\\\/ccargtur.org\\\/tr\\\/\"},{\"@type\":\"ListItem\",\"position\":2,\"name\":\"T\u00fcrk i\u015fadamlar\u0131 Arjantin pazar\u0131n\u0131 ar\u0131yor\"}]},{\"@type\":\"WebSite\",\"@id\":\"https:\\\/\\\/ccargtur.org\\\/#website\",\"url\":\"https:\\\/\\\/ccargtur.org\\\/\",\"name\":\"C\u00e1mara de Comercio Argentino - Turca\",\"description\":\"\",\"publisher\":{\"@id\":\"https:\\\/\\\/ccargtur.org\\\/#organization\"},\"potentialAction\":[{\"@type\":\"SearchAction\",\"target\":{\"@type\":\"EntryPoint\",\"urlTemplate\":\"https:\\\/\\\/ccargtur.org\\\/?s={search_term_string}\"},\"query-input\":{\"@type\":\"PropertyValueSpecification\",\"valueRequired\":true,\"valueName\":\"search_term_string\"}}],\"inLanguage\":\"tr\"},{\"@type\":\"Organization\",\"@id\":\"https:\\\/\\\/ccargtur.org\\\/#organization\",\"name\":\"C\u00e1mara de Comercio Argentino - Turca\",\"url\":\"https:\\\/\\\/ccargtur.org\\\/\",\"logo\":{\"@type\":\"ImageObject\",\"inLanguage\":\"tr\",\"@id\":\"https:\\\/\\\/ccargtur.org\\\/#\\\/schema\\\/logo\\\/image\\\/\",\"url\":\"https:\\\/\\\/i0.wp.com\\\/ccargtur.org\\\/wp-content\\\/uploads\\\/2021\\\/11\\\/LOGO-CCARGTUR.webp?fit=2150%2C856&ssl=1\",\"contentUrl\":\"https:\\\/\\\/i0.wp.com\\\/ccargtur.org\\\/wp-content\\\/uploads\\\/2021\\\/11\\\/LOGO-CCARGTUR.webp?fit=2150%2C856&ssl=1\",\"width\":2150,\"height\":856,\"caption\":\"C\u00e1mara de Comercio Argentino - Turca\"},\"image\":{\"@id\":\"https:\\\/\\\/ccargtur.org\\\/#\\\/schema\\\/logo\\\/image\\\/\"}},{\"@type\":\"Person\",\"@id\":\"https:\\\/\\\/ccargtur.org\\\/#\\\/schema\\\/person\\\/533f66c35bf96e9d38191ca3a7fe5451\",\"name\":\"C\u00e1mara de Comercio Argentino - Turca\",\"image\":{\"@type\":\"ImageObject\",\"inLanguage\":\"tr\",\"@id\":\"https:\\\/\\\/secure.gravatar.com\\\/avatar\\\/fc3fea9ded9b14f89829d704a887b35a3fa1ebfe2414a1bde61dfe44dc767a80?s=96&d=mm&r=g\",\"url\":\"https:\\\/\\\/secure.gravatar.com\\\/avatar\\\/fc3fea9ded9b14f89829d704a887b35a3fa1ebfe2414a1bde61dfe44dc767a80?s=96&d=mm&r=g\",\"contentUrl\":\"https:\\\/\\\/secure.gravatar.com\\\/avatar\\\/fc3fea9ded9b14f89829d704a887b35a3fa1ebfe2414a1bde61dfe44dc767a80?s=96&d=mm&r=g\",\"caption\":\"C\u00e1mara de Comercio Argentino - Turca\"},\"sameAs\":[\"http:\\\/\\\/ccargtur.org\"],\"url\":\"https:\\\/\\\/ccargtur.org\\\/tr\\\/author\\\/ccargtur\\\/\"}]}<\/script>\n<!-- \/ Yoast SEO Premium plugin. -->","yoast_head_json":{"title":"T\u00fcrk i\u015fadamlar\u0131 Arjantin pazar\u0131n\u0131 ar\u0131yor - CCARGTUR","description":"Concedemos gran importancia a nuestras relaciones con los pa\u00edses del Mercosur en nombre de la liberalizaci\u00f3n de la econom\u00eda. Seguir leyendo >","robots":{"index":"index","follow":"follow","max-snippet":"max-snippet:-1","max-image-preview":"max-image-preview:large","max-video-preview":"max-video-preview:-1"},"canonical":"https:\/\/ccargtur.org\/tr\/turk-isadamlari-arjantin-pazarini-ariyor\/","og_locale":"tr_TR","og_type":"article","og_title":"T\u00fcrk i\u015fadamlar\u0131 Arjantin pazar\u0131n\u0131 ar\u0131yor","og_description":"Concedemos gran importancia a nuestras relaciones con los pa\u00edses del Mercosur en nombre de la liberalizaci\u00f3n de la econom\u00eda. Seguir leyendo >","og_url":"https:\/\/ccargtur.org\/tr\/turk-isadamlari-arjantin-pazarini-ariyor\/","og_site_name":"C\u00e1mara de Comercio Argentino - Turca","article_published_time":"2021-11-18T18:25:00+00:00","article_modified_time":"2025-08-26T03:57:53+00:00","og_image":[{"url":"https:\/\/ccargtur.org\/wp-content\/uploads\/2021\/10\/Empresarios-turcos-en-busqueda-del-mercado-de-argentina.jpg","type":"","width":"","height":""}],"author":"C\u00e1mara de Comercio Argentino - Turca","twitter_card":"summary_large_image","twitter_image":"https:\/\/ccargtur.org\/wp-content\/uploads\/2021\/10\/Empresarios-turcos-en-busqueda-del-mercado-de-argentina.jpg","twitter_misc":{"Yazan:":"C\u00e1mara de Comercio Argentino - Turca","Tahmini okuma s\u00fcresi":"3 dakika"},"schema":{"@context":"https:\/\/schema.org","@graph":[{"@type":"Article","@id":"https:\/\/ccargtur.org\/tr\/turk-isadamlari-arjantin-pazarini-ariyor\/#article","isPartOf":{"@id":"https:\/\/ccargtur.org\/tr\/turk-isadamlari-arjantin-pazarini-ariyor\/"},"author":{"name":"C\u00e1mara de Comercio Argentino - Turca","@id":"https:\/\/ccargtur.org\/#\/schema\/person\/533f66c35bf96e9d38191ca3a7fe5451"},"headline":"T\u00fcrk i\u015fadamlar\u0131 Arjantin pazar\u0131n\u0131 ar\u0131yor","datePublished":"2021-11-18T18:25:00+00:00","dateModified":"2025-08-26T03:57:53+00:00","mainEntityOfPage":{"@id":"https:\/\/ccargtur.org\/tr\/turk-isadamlari-arjantin-pazarini-ariyor\/"},"wordCount":824,"commentCount":0,"publisher":{"@id":"https:\/\/ccargtur.org\/#organization"},"image":{"@id":"https:\/\/ccargtur.org\/tr\/turk-isadamlari-arjantin-pazarini-ariyor\/#primaryimage"},"thumbnailUrl":"https:\/\/ccargtur.org\/wp-content\/uploads\/2021\/10\/Empresarios-turcos-en-busqueda-del-mercado-de-argentina.jpg","articleSection":["Haberler"],"inLanguage":"tr","potentialAction":[{"@type":"CommentAction","name":"Comment","target":["https:\/\/ccargtur.org\/tr\/turk-isadamlari-arjantin-pazarini-ariyor\/#respond"]}]},{"@type":"WebPage","@id":"https:\/\/ccargtur.org\/tr\/turk-isadamlari-arjantin-pazarini-ariyor\/","url":"https:\/\/ccargtur.org\/tr\/turk-isadamlari-arjantin-pazarini-ariyor\/","name":"T\u00fcrk i\u015fadamlar\u0131 Arjantin pazar\u0131n\u0131 ar\u0131yor - CCARGTUR","isPartOf":{"@id":"https:\/\/ccargtur.org\/#website"},"primaryImageOfPage":{"@id":"https:\/\/ccargtur.org\/tr\/turk-isadamlari-arjantin-pazarini-ariyor\/#primaryimage"},"image":{"@id":"https:\/\/ccargtur.org\/tr\/turk-isadamlari-arjantin-pazarini-ariyor\/#primaryimage"},"thumbnailUrl":"https:\/\/ccargtur.org\/wp-content\/uploads\/2021\/10\/Empresarios-turcos-en-busqueda-del-mercado-de-argentina.jpg","datePublished":"2021-11-18T18:25:00+00:00","dateModified":"2025-08-26T03:57:53+00:00","description":"Concedemos gran importancia a nuestras relaciones con los pa\u00edses del Mercosur en nombre de la liberalizaci\u00f3n de la econom\u00eda. Seguir leyendo >","breadcrumb":{"@id":"https:\/\/ccargtur.org\/tr\/turk-isadamlari-arjantin-pazarini-ariyor\/#breadcrumb"},"inLanguage":"tr","potentialAction":[{"@type":"ReadAction","target":["https:\/\/ccargtur.org\/tr\/turk-isadamlari-arjantin-pazarini-ariyor\/"]}]},{"@type":"ImageObject","inLanguage":"tr","@id":"https:\/\/ccargtur.org\/tr\/turk-isadamlari-arjantin-pazarini-ariyor\/#primaryimage","url":"https:\/\/ccargtur.org\/wp-content\/uploads\/2021\/10\/Empresarios-turcos-en-busqueda-del-mercado-de-argentina.jpg","contentUrl":"https:\/\/ccargtur.org\/wp-content\/uploads\/2021\/10\/Empresarios-turcos-en-busqueda-del-mercado-de-argentina.jpg","width":1400,"height":1080,"caption":"Empresarios turcos en b\u00fasqueda del mercado de Argentina"},{"@type":"BreadcrumbList","@id":"https:\/\/ccargtur.org\/tr\/turk-isadamlari-arjantin-pazarini-ariyor\/#breadcrumb","itemListElement":[{"@type":"ListItem","position":1,"name":"Inicio","item":"https:\/\/ccargtur.org\/tr\/"},{"@type":"ListItem","position":2,"name":"T\u00fcrk i\u015fadamlar\u0131 Arjantin pazar\u0131n\u0131 ar\u0131yor"}]},{"@type":"WebSite","@id":"https:\/\/ccargtur.org\/#website","url":"https:\/\/ccargtur.org\/","name":"C\u00e1mara de Comercio Argentino - Turca","description":"","publisher":{"@id":"https:\/\/ccargtur.org\/#organization"},"potentialAction":[{"@type":"SearchAction","target":{"@type":"EntryPoint","urlTemplate":"https:\/\/ccargtur.org\/?s={search_term_string}"},"query-input":{"@type":"PropertyValueSpecification","valueRequired":true,"valueName":"search_term_string"}}],"inLanguage":"tr"},{"@type":"Organization","@id":"https:\/\/ccargtur.org\/#organization","name":"C\u00e1mara de Comercio Argentino - Turca","url":"https:\/\/ccargtur.org\/","logo":{"@type":"ImageObject","inLanguage":"tr","@id":"https:\/\/ccargtur.org\/#\/schema\/logo\/image\/","url":"https:\/\/i0.wp.com\/ccargtur.org\/wp-content\/uploads\/2021\/11\/LOGO-CCARGTUR.webp?fit=2150%2C856&ssl=1","contentUrl":"https:\/\/i0.wp.com\/ccargtur.org\/wp-content\/uploads\/2021\/11\/LOGO-CCARGTUR.webp?fit=2150%2C856&ssl=1","width":2150,"height":856,"caption":"C\u00e1mara de Comercio Argentino - Turca"},"image":{"@id":"https:\/\/ccargtur.org\/#\/schema\/logo\/image\/"}},{"@type":"Person","@id":"https:\/\/ccargtur.org\/#\/schema\/person\/533f66c35bf96e9d38191ca3a7fe5451","name":"C\u00e1mara de Comercio Argentino - Turca","image":{"@type":"ImageObject","inLanguage":"tr","@id":"https:\/\/secure.gravatar.com\/avatar\/fc3fea9ded9b14f89829d704a887b35a3fa1ebfe2414a1bde61dfe44dc767a80?s=96&d=mm&r=g","url":"https:\/\/secure.gravatar.com\/avatar\/fc3fea9ded9b14f89829d704a887b35a3fa1ebfe2414a1bde61dfe44dc767a80?s=96&d=mm&r=g","contentUrl":"https:\/\/secure.gravatar.com\/avatar\/fc3fea9ded9b14f89829d704a887b35a3fa1ebfe2414a1bde61dfe44dc767a80?s=96&d=mm&r=g","caption":"C\u00e1mara de Comercio Argentino - Turca"},"sameAs":["http:\/\/ccargtur.org"],"url":"https:\/\/ccargtur.org\/tr\/author\/ccargtur\/"}]}},"_links":{"self":[{"href":"https:\/\/ccargtur.org\/tr\/wp-json\/wp\/v2\/posts\/1468","targetHints":{"allow":["GET"]}}],"collection":[{"href":"https:\/\/ccargtur.org\/tr\/wp-json\/wp\/v2\/posts"}],"about":[{"href":"https:\/\/ccargtur.org\/tr\/wp-json\/wp\/v2\/types\/post"}],"author":[{"embeddable":true,"href":"https:\/\/ccargtur.org\/tr\/wp-json\/wp\/v2\/users\/3"}],"replies":[{"embeddable":true,"href":"https:\/\/ccargtur.org\/tr\/wp-json\/wp\/v2\/comments?post=1468"}],"version-history":[{"count":0,"href":"https:\/\/ccargtur.org\/tr\/wp-json\/wp\/v2\/posts\/1468\/revisions"}],"wp:featuredmedia":[{"embeddable":true,"href":"https:\/\/ccargtur.org\/tr\/wp-json\/wp\/v2\/media\/1128"}],"wp:attachment":[{"href":"https:\/\/ccargtur.org\/tr\/wp-json\/wp\/v2\/media?parent=1468"}],"wp:term":[{"taxonomy":"category","embeddable":true,"href":"https:\/\/ccargtur.org\/tr\/wp-json\/wp\/v2\/categories?post=1468"},{"taxonomy":"post_tag","embeddable":true,"href":"https:\/\/ccargtur.org\/tr\/wp-json\/wp\/v2\/tags?post=1468"}],"curies":[{"name":"wp","href":"https:\/\/api.w.org\/{rel}","templated":true}]}}