{"id":3034,"date":"2025-10-07T23:26:10","date_gmt":"2025-10-08T02:26:10","guid":{"rendered":"https:\/\/ccargtur.org\/?p=3034"},"modified":"2025-10-09T01:37:50","modified_gmt":"2025-10-09T04:37:50","slug":"institutional-visit-to-the-brazilian-argentine-chamber-of-commerce","status":"publish","type":"post","link":"https:\/\/ccargtur.org\/en\/institutional-visit-to-the-brazilian-argentine-chamber-of-commerce\/","title":{"rendered":"Institutional visit to the Brazilian-Argentine Chamber of Commerce (CAMBRAS)."},"content":{"rendered":"<p>CCARGTUR Activity \u2013 October 7, 2025<\/p>\n<p>The President of the Argentine-Turkish Chamber of Commerce (CCARGTUR), Mr. \u00d6zg\u00fcr Y\u00fccel Demir, together with Dr. Silvia Salvi, member of the Executive Committee, carried out an institutional visit to the Brazilian-Argentine Chamber of Commerce (CAMBRAS).<\/p>\n<p>During the meeting, they discussed the possibility of strengthening cooperation ties between both institutions, promoting trade exchange and investment opportunities among Turkey, Brazil, and Argentina.<\/p>\n<p>Strategic sectors with high potential for collaboration were highlighted \u2014such as agriculture, textiles, and food, particularly in the areas of sugar, coffee, grains, and livestock\u2014 as well as the possibility of organizing business roundtables and joint workspaces aimed at fostering regional development.<\/p>\n<p>The importance of CCARGTUR\u2019s participation in international events and forums was also emphasized, in collaboration with the Union of Binational Chambers, reinforcing the Chamber\u2019s role as a bridge between the business sectors of South America and Turkey.<\/p>\n<p>Special thanks to Ms. Anal\u00eda Canale, Executive Director of CAMBRAS, for welcoming us and for her openness to dialogue and cooperation between our institutions.<\/p>\n","protected":false},"excerpt":{"rendered":"<p>CCARGTUR Activity \u2013 October 7, 2025 The President of the Argentine-Turkish Chamber of Commerce (CCARGTUR), Mr. \u00d6zg\u00fcr Y\u00fccel Demir, together with Dr. Silvia Salvi, member of the Executive Committee, carried out an institutional visit to the Brazilian-Argentine Chamber of Commerce (CAMBRAS). During the meeting, they&#8230;<\/p>\n","protected":false},"author":1,"featured_media":3037,"comment_status":"closed","ping_status":"closed","sticky":false,"template":"","format":"standard","meta":{"cybocfi_hide_featured_image":"","footnotes":"","_links_to":"","_links_to_target":""},"categories":[22],"tags":[],"class_list":["post-3034","post","type-post","status-publish","format-standard","has-post-thumbnail","hentry","category-uncategorized-en"],"yoast_head":"<!-- This site is optimized with the Yoast SEO Premium plugin v27.3 (Yoast SEO v27.4) - https:\/\/yoast.com\/product\/yoast-seo-premium-wordpress\/ -->\n<title>Institutional visit to the Brazilian-Argentine Chamber of Commerce (CAMBRAS). - C\u00e1mara de Comercio Argentino - Turca<\/title>\n<meta name=\"robots\" content=\"index, follow, max-snippet:-1, max-image-preview:large, max-video-preview:-1\" \/>\n<link rel=\"canonical\" href=\"https:\/\/ccargtur.org\/en\/institutional-visit-to-the-brazilian-argentine-chamber-of-commerce\/\" \/>\n<meta property=\"og:locale\" content=\"en_US\" \/>\n<meta property=\"og:type\" content=\"article\" \/>\n<meta property=\"og:title\" content=\"Institutional visit to the Brazilian-Argentine Chamber of Commerce (CAMBRAS).\" \/>\n<meta property=\"og:description\" content=\"CCARGTUR Activity \u2013 October 7, 2025 The President of the Argentine-Turkish Chamber of Commerce (CCARGTUR), Mr. \u00d6zg\u00fcr Y\u00fccel Demir, together with Dr. Silvia Salvi, member of the Executive Committee, carried out an institutional visit to the Brazilian-Argentine Chamber of Commerce (CAMBRAS). During the meeting, they...\" \/>\n<meta property=\"og:url\" content=\"https:\/\/ccargtur.org\/en\/institutional-visit-to-the-brazilian-argentine-chamber-of-commerce\/\" \/>\n<meta property=\"og:site_name\" content=\"C\u00e1mara de Comercio Argentino - Turca\" \/>\n<meta property=\"article:published_time\" content=\"2025-10-08T02:26:10+00:00\" \/>\n<meta property=\"article:modified_time\" content=\"2025-10-09T04:37:50+00:00\" \/>\n<meta property=\"og:image\" content=\"https:\/\/ccargtur.org\/wp-content\/uploads\/2025\/10\/Imagen-de-WhatsApp-2025-10-09-a-las-06.28.05_7833019a.jpg\" \/>\n\t<meta property=\"og:image:width\" content=\"1500\" \/>\n\t<meta property=\"og:image:height\" content=\"1000\" \/>\n\t<meta property=\"og:image:type\" content=\"image\/jpeg\" \/>\n<meta name=\"author\" content=\"admin\" \/>\n<meta name=\"twitter:card\" content=\"summary_large_image\" \/>\n<meta name=\"twitter:label1\" content=\"Written by\" \/>\n\t<meta name=\"twitter:data1\" content=\"admin\" \/>\n\t<meta name=\"twitter:label2\" content=\"Est. reading time\" \/>\n\t<meta name=\"twitter:data2\" content=\"1 minute\" \/>\n<script type=\"application\/ld+json\" class=\"yoast-schema-graph\">{\"@context\":\"https:\\\/\\\/schema.org\",\"@graph\":[{\"@type\":\"Article\",\"@id\":\"https:\\\/\\\/ccargtur.org\\\/en\\\/institutional-visit-to-the-brazilian-argentine-chamber-of-commerce\\\/#article\",\"isPartOf\":{\"@id\":\"https:\\\/\\\/ccargtur.org\\\/en\\\/institutional-visit-to-the-brazilian-argentine-chamber-of-commerce\\\/\"},\"author\":{\"name\":\"admin\",\"@id\":\"https:\\\/\\\/ccargtur.org\\\/#\\\/schema\\\/person\\\/2486ebafba9aaed451c1769146daa278\"},\"headline\":\"Institutional visit to the Brazilian-Argentine Chamber of Commerce (CAMBRAS).\",\"datePublished\":\"2025-10-08T02:26:10+00:00\",\"dateModified\":\"2025-10-09T04:37:50+00:00\",\"mainEntityOfPage\":{\"@id\":\"https:\\\/\\\/ccargtur.org\\\/en\\\/institutional-visit-to-the-brazilian-argentine-chamber-of-commerce\\\/\"},\"wordCount\":180,\"publisher\":{\"@id\":\"https:\\\/\\\/ccargtur.org\\\/#organization\"},\"image\":{\"@id\":\"https:\\\/\\\/ccargtur.org\\\/en\\\/institutional-visit-to-the-brazilian-argentine-chamber-of-commerce\\\/#primaryimage\"},\"thumbnailUrl\":\"https:\\\/\\\/ccargtur.org\\\/wp-content\\\/uploads\\\/2025\\\/10\\\/Imagen-de-WhatsApp-2025-10-09-a-las-06.28.05_7833019a.jpg\",\"inLanguage\":\"en-US\"},{\"@type\":\"WebPage\",\"@id\":\"https:\\\/\\\/ccargtur.org\\\/en\\\/institutional-visit-to-the-brazilian-argentine-chamber-of-commerce\\\/\",\"url\":\"https:\\\/\\\/ccargtur.org\\\/en\\\/institutional-visit-to-the-brazilian-argentine-chamber-of-commerce\\\/\",\"name\":\"Institutional visit to the Brazilian-Argentine Chamber of Commerce (CAMBRAS). - C\u00e1mara de Comercio Argentino - Turca\",\"isPartOf\":{\"@id\":\"https:\\\/\\\/ccargtur.org\\\/#website\"},\"primaryImageOfPage\":{\"@id\":\"https:\\\/\\\/ccargtur.org\\\/en\\\/institutional-visit-to-the-brazilian-argentine-chamber-of-commerce\\\/#primaryimage\"},\"image\":{\"@id\":\"https:\\\/\\\/ccargtur.org\\\/en\\\/institutional-visit-to-the-brazilian-argentine-chamber-of-commerce\\\/#primaryimage\"},\"thumbnailUrl\":\"https:\\\/\\\/ccargtur.org\\\/wp-content\\\/uploads\\\/2025\\\/10\\\/Imagen-de-WhatsApp-2025-10-09-a-las-06.28.05_7833019a.jpg\",\"datePublished\":\"2025-10-08T02:26:10+00:00\",\"dateModified\":\"2025-10-09T04:37:50+00:00\",\"breadcrumb\":{\"@id\":\"https:\\\/\\\/ccargtur.org\\\/en\\\/institutional-visit-to-the-brazilian-argentine-chamber-of-commerce\\\/#breadcrumb\"},\"inLanguage\":\"en-US\",\"potentialAction\":[{\"@type\":\"ReadAction\",\"target\":[\"https:\\\/\\\/ccargtur.org\\\/en\\\/institutional-visit-to-the-brazilian-argentine-chamber-of-commerce\\\/\"]}]},{\"@type\":\"ImageObject\",\"inLanguage\":\"en-US\",\"@id\":\"https:\\\/\\\/ccargtur.org\\\/en\\\/institutional-visit-to-the-brazilian-argentine-chamber-of-commerce\\\/#primaryimage\",\"url\":\"https:\\\/\\\/ccargtur.org\\\/wp-content\\\/uploads\\\/2025\\\/10\\\/Imagen-de-WhatsApp-2025-10-09-a-las-06.28.05_7833019a.jpg\",\"contentUrl\":\"https:\\\/\\\/ccargtur.org\\\/wp-content\\\/uploads\\\/2025\\\/10\\\/Imagen-de-WhatsApp-2025-10-09-a-las-06.28.05_7833019a.jpg\",\"width\":1500,\"height\":1000},{\"@type\":\"BreadcrumbList\",\"@id\":\"https:\\\/\\\/ccargtur.org\\\/en\\\/institutional-visit-to-the-brazilian-argentine-chamber-of-commerce\\\/#breadcrumb\",\"itemListElement\":[{\"@type\":\"ListItem\",\"position\":1,\"name\":\"Inicio\",\"item\":\"https:\\\/\\\/ccargtur.org\\\/en\\\/\"},{\"@type\":\"ListItem\",\"position\":2,\"name\":\"Institutional visit to the Brazilian-Argentine Chamber of Commerce (CAMBRAS).\"}]},{\"@type\":\"WebSite\",\"@id\":\"https:\\\/\\\/ccargtur.org\\\/#website\",\"url\":\"https:\\\/\\\/ccargtur.org\\\/\",\"name\":\"C\u00e1mara de Comercio Argentino - Turca\",\"description\":\"\",\"publisher\":{\"@id\":\"https:\\\/\\\/ccargtur.org\\\/#organization\"},\"potentialAction\":[{\"@type\":\"SearchAction\",\"target\":{\"@type\":\"EntryPoint\",\"urlTemplate\":\"https:\\\/\\\/ccargtur.org\\\/?s={search_term_string}\"},\"query-input\":{\"@type\":\"PropertyValueSpecification\",\"valueRequired\":true,\"valueName\":\"search_term_string\"}}],\"inLanguage\":\"en-US\"},{\"@type\":\"Organization\",\"@id\":\"https:\\\/\\\/ccargtur.org\\\/#organization\",\"name\":\"C\u00e1mara de Comercio Argentino - Turca\",\"url\":\"https:\\\/\\\/ccargtur.org\\\/\",\"logo\":{\"@type\":\"ImageObject\",\"inLanguage\":\"en-US\",\"@id\":\"https:\\\/\\\/ccargtur.org\\\/#\\\/schema\\\/logo\\\/image\\\/\",\"url\":\"https:\\\/\\\/i0.wp.com\\\/ccargtur.org\\\/wp-content\\\/uploads\\\/2021\\\/11\\\/LOGO-CCARGTUR.webp?fit=2150%2C856&ssl=1\",\"contentUrl\":\"https:\\\/\\\/i0.wp.com\\\/ccargtur.org\\\/wp-content\\\/uploads\\\/2021\\\/11\\\/LOGO-CCARGTUR.webp?fit=2150%2C856&ssl=1\",\"width\":2150,\"height\":856,\"caption\":\"C\u00e1mara de Comercio Argentino - Turca\"},\"image\":{\"@id\":\"https:\\\/\\\/ccargtur.org\\\/#\\\/schema\\\/logo\\\/image\\\/\"}},{\"@type\":\"Person\",\"@id\":\"https:\\\/\\\/ccargtur.org\\\/#\\\/schema\\\/person\\\/2486ebafba9aaed451c1769146daa278\",\"name\":\"admin\",\"image\":{\"@type\":\"ImageObject\",\"inLanguage\":\"en-US\",\"@id\":\"https:\\\/\\\/secure.gravatar.com\\\/avatar\\\/5da426a260eac4df1fc6d83758396598bf4a41092513f3c64deb7d9f1ff07f7c?s=96&d=mm&r=g\",\"url\":\"https:\\\/\\\/secure.gravatar.com\\\/avatar\\\/5da426a260eac4df1fc6d83758396598bf4a41092513f3c64deb7d9f1ff07f7c?s=96&d=mm&r=g\",\"contentUrl\":\"https:\\\/\\\/secure.gravatar.com\\\/avatar\\\/5da426a260eac4df1fc6d83758396598bf4a41092513f3c64deb7d9f1ff07f7c?s=96&d=mm&r=g\",\"caption\":\"admin\"},\"sameAs\":[\"https:\\\/\\\/ccargtur.org\"],\"url\":\"https:\\\/\\\/ccargtur.org\\\/en\\\/author\\\/leogiroldi\\\/\"}]}<\/script>\n<!-- \/ Yoast SEO Premium plugin. -->","yoast_head_json":{"title":"Institutional visit to the Brazilian-Argentine Chamber of Commerce (CAMBRAS). - C\u00e1mara de Comercio Argentino - Turca","robots":{"index":"index","follow":"follow","max-snippet":"max-snippet:-1","max-image-preview":"max-image-preview:large","max-video-preview":"max-video-preview:-1"},"canonical":"https:\/\/ccargtur.org\/en\/institutional-visit-to-the-brazilian-argentine-chamber-of-commerce\/","og_locale":"en_US","og_type":"article","og_title":"Institutional visit to the Brazilian-Argentine Chamber of Commerce (CAMBRAS).","og_description":"CCARGTUR Activity \u2013 October 7, 2025 The President of the Argentine-Turkish Chamber of Commerce (CCARGTUR), Mr. \u00d6zg\u00fcr Y\u00fccel Demir, together with Dr. Silvia Salvi, member of the Executive Committee, carried out an institutional visit to the Brazilian-Argentine Chamber of Commerce (CAMBRAS). During the meeting, they...","og_url":"https:\/\/ccargtur.org\/en\/institutional-visit-to-the-brazilian-argentine-chamber-of-commerce\/","og_site_name":"C\u00e1mara de Comercio Argentino - Turca","article_published_time":"2025-10-08T02:26:10+00:00","article_modified_time":"2025-10-09T04:37:50+00:00","og_image":[{"width":1500,"height":1000,"url":"https:\/\/ccargtur.org\/wp-content\/uploads\/2025\/10\/Imagen-de-WhatsApp-2025-10-09-a-las-06.28.05_7833019a.jpg","type":"image\/jpeg"}],"author":"admin","twitter_card":"summary_large_image","twitter_misc":{"Written by":"admin","Est. reading time":"1 minute"},"schema":{"@context":"https:\/\/schema.org","@graph":[{"@type":"Article","@id":"https:\/\/ccargtur.org\/en\/institutional-visit-to-the-brazilian-argentine-chamber-of-commerce\/#article","isPartOf":{"@id":"https:\/\/ccargtur.org\/en\/institutional-visit-to-the-brazilian-argentine-chamber-of-commerce\/"},"author":{"name":"admin","@id":"https:\/\/ccargtur.org\/#\/schema\/person\/2486ebafba9aaed451c1769146daa278"},"headline":"Institutional visit to the Brazilian-Argentine Chamber of Commerce (CAMBRAS).","datePublished":"2025-10-08T02:26:10+00:00","dateModified":"2025-10-09T04:37:50+00:00","mainEntityOfPage":{"@id":"https:\/\/ccargtur.org\/en\/institutional-visit-to-the-brazilian-argentine-chamber-of-commerce\/"},"wordCount":180,"publisher":{"@id":"https:\/\/ccargtur.org\/#organization"},"image":{"@id":"https:\/\/ccargtur.org\/en\/institutional-visit-to-the-brazilian-argentine-chamber-of-commerce\/#primaryimage"},"thumbnailUrl":"https:\/\/ccargtur.org\/wp-content\/uploads\/2025\/10\/Imagen-de-WhatsApp-2025-10-09-a-las-06.28.05_7833019a.jpg","inLanguage":"en-US"},{"@type":"WebPage","@id":"https:\/\/ccargtur.org\/en\/institutional-visit-to-the-brazilian-argentine-chamber-of-commerce\/","url":"https:\/\/ccargtur.org\/en\/institutional-visit-to-the-brazilian-argentine-chamber-of-commerce\/","name":"Institutional visit to the Brazilian-Argentine Chamber of Commerce (CAMBRAS). - C\u00e1mara de Comercio Argentino - Turca","isPartOf":{"@id":"https:\/\/ccargtur.org\/#website"},"primaryImageOfPage":{"@id":"https:\/\/ccargtur.org\/en\/institutional-visit-to-the-brazilian-argentine-chamber-of-commerce\/#primaryimage"},"image":{"@id":"https:\/\/ccargtur.org\/en\/institutional-visit-to-the-brazilian-argentine-chamber-of-commerce\/#primaryimage"},"thumbnailUrl":"https:\/\/ccargtur.org\/wp-content\/uploads\/2025\/10\/Imagen-de-WhatsApp-2025-10-09-a-las-06.28.05_7833019a.jpg","datePublished":"2025-10-08T02:26:10+00:00","dateModified":"2025-10-09T04:37:50+00:00","breadcrumb":{"@id":"https:\/\/ccargtur.org\/en\/institutional-visit-to-the-brazilian-argentine-chamber-of-commerce\/#breadcrumb"},"inLanguage":"en-US","potentialAction":[{"@type":"ReadAction","target":["https:\/\/ccargtur.org\/en\/institutional-visit-to-the-brazilian-argentine-chamber-of-commerce\/"]}]},{"@type":"ImageObject","inLanguage":"en-US","@id":"https:\/\/ccargtur.org\/en\/institutional-visit-to-the-brazilian-argentine-chamber-of-commerce\/#primaryimage","url":"https:\/\/ccargtur.org\/wp-content\/uploads\/2025\/10\/Imagen-de-WhatsApp-2025-10-09-a-las-06.28.05_7833019a.jpg","contentUrl":"https:\/\/ccargtur.org\/wp-content\/uploads\/2025\/10\/Imagen-de-WhatsApp-2025-10-09-a-las-06.28.05_7833019a.jpg","width":1500,"height":1000},{"@type":"BreadcrumbList","@id":"https:\/\/ccargtur.org\/en\/institutional-visit-to-the-brazilian-argentine-chamber-of-commerce\/#breadcrumb","itemListElement":[{"@type":"ListItem","position":1,"name":"Inicio","item":"https:\/\/ccargtur.org\/en\/"},{"@type":"ListItem","position":2,"name":"Institutional visit to the Brazilian-Argentine Chamber of Commerce (CAMBRAS)."}]},{"@type":"WebSite","@id":"https:\/\/ccargtur.org\/#website","url":"https:\/\/ccargtur.org\/","name":"C\u00e1mara de Comercio Argentino - Turca","description":"","publisher":{"@id":"https:\/\/ccargtur.org\/#organization"},"potentialAction":[{"@type":"SearchAction","target":{"@type":"EntryPoint","urlTemplate":"https:\/\/ccargtur.org\/?s={search_term_string}"},"query-input":{"@type":"PropertyValueSpecification","valueRequired":true,"valueName":"search_term_string"}}],"inLanguage":"en-US"},{"@type":"Organization","@id":"https:\/\/ccargtur.org\/#organization","name":"C\u00e1mara de Comercio Argentino - Turca","url":"https:\/\/ccargtur.org\/","logo":{"@type":"ImageObject","inLanguage":"en-US","@id":"https:\/\/ccargtur.org\/#\/schema\/logo\/image\/","url":"https:\/\/i0.wp.com\/ccargtur.org\/wp-content\/uploads\/2021\/11\/LOGO-CCARGTUR.webp?fit=2150%2C856&ssl=1","contentUrl":"https:\/\/i0.wp.com\/ccargtur.org\/wp-content\/uploads\/2021\/11\/LOGO-CCARGTUR.webp?fit=2150%2C856&ssl=1","width":2150,"height":856,"caption":"C\u00e1mara de Comercio Argentino - Turca"},"image":{"@id":"https:\/\/ccargtur.org\/#\/schema\/logo\/image\/"}},{"@type":"Person","@id":"https:\/\/ccargtur.org\/#\/schema\/person\/2486ebafba9aaed451c1769146daa278","name":"admin","image":{"@type":"ImageObject","inLanguage":"en-US","@id":"https:\/\/secure.gravatar.com\/avatar\/5da426a260eac4df1fc6d83758396598bf4a41092513f3c64deb7d9f1ff07f7c?s=96&d=mm&r=g","url":"https:\/\/secure.gravatar.com\/avatar\/5da426a260eac4df1fc6d83758396598bf4a41092513f3c64deb7d9f1ff07f7c?s=96&d=mm&r=g","contentUrl":"https:\/\/secure.gravatar.com\/avatar\/5da426a260eac4df1fc6d83758396598bf4a41092513f3c64deb7d9f1ff07f7c?s=96&d=mm&r=g","caption":"admin"},"sameAs":["https:\/\/ccargtur.org"],"url":"https:\/\/ccargtur.org\/en\/author\/leogiroldi\/"}]}},"_links":{"self":[{"href":"https:\/\/ccargtur.org\/en\/wp-json\/wp\/v2\/posts\/3034","targetHints":{"allow":["GET"]}}],"collection":[{"href":"https:\/\/ccargtur.org\/en\/wp-json\/wp\/v2\/posts"}],"about":[{"href":"https:\/\/ccargtur.org\/en\/wp-json\/wp\/v2\/types\/post"}],"author":[{"embeddable":true,"href":"https:\/\/ccargtur.org\/en\/wp-json\/wp\/v2\/users\/1"}],"replies":[{"embeddable":true,"href":"https:\/\/ccargtur.org\/en\/wp-json\/wp\/v2\/comments?post=3034"}],"version-history":[{"count":0,"href":"https:\/\/ccargtur.org\/en\/wp-json\/wp\/v2\/posts\/3034\/revisions"}],"wp:featuredmedia":[{"embeddable":true,"href":"https:\/\/ccargtur.org\/en\/wp-json\/wp\/v2\/media\/3037"}],"wp:attachment":[{"href":"https:\/\/ccargtur.org\/en\/wp-json\/wp\/v2\/media?parent=3034"}],"wp:term":[{"taxonomy":"category","embeddable":true,"href":"https:\/\/ccargtur.org\/en\/wp-json\/wp\/v2\/categories?post=3034"},{"taxonomy":"post_tag","embeddable":true,"href":"https:\/\/ccargtur.org\/en\/wp-json\/wp\/v2\/tags?post=3034"}],"curies":[{"name":"wp","href":"https:\/\/api.w.org\/{rel}","templated":true}]}}